{"id":28,"date":"2025-08-05T19:52:53","date_gmt":"2025-08-05T22:52:53","guid":{"rendered":"https:\/\/extremidades.art\/x\/regimesdesentidonaspoeticas\/?p=28"},"modified":"2025-08-07T02:13:14","modified_gmt":"2025-08-07T05:13:14","slug":"poeticas-da-extremidades","status":"publish","type":"post","link":"https:\/\/extremidades.art\/x\/regimesdesentidonaspoeticas\/2025\/08\/05\/poeticas-da-extremidades\/","title":{"rendered":"Po\u00e9ticas das Extremidades"},"content":{"rendered":"\n<p><strong>Christine Mello<\/strong><\/p>\n\n\n\n<p><strong>PUC-SP | PPGCOS \u2013 Professora permanente<\/strong><\/p>\n\n\n\n<p>Linha de Pesquisa Regimes de sentido nos processos comunicacionais<\/p>\n\n\n\n<p><strong>UERJ | PPGARTES \u2013 Professora visitante e p\u00f3s-doc<\/strong><\/p>\n\n\n\n<p>Linha de Pesquisa Arte, imagem e escrita<\/p>\n\n\n\n<p><strong>Grupo de Pesquisa Extremidades:<\/strong><\/p>\n\n\n\n<p><strong>redes audiovisuais, cinema, performance e arte contempor\u00e2nea<\/strong><\/p>\n\n\n\n<p><strong>Cole\u00e7\u00e3o Extremidades<\/strong><\/p>\n\n\n\n<p><a href=\"http:\/\/www.extremidades.art\/\"><strong><mark>www.extremidades.art<\/mark><\/strong><\/a><\/p>\n\n\n\n<p>_________________________________________________________<\/p>\n\n\n\n<p><strong><mark>Pesquisa \u2013 2023|2026<\/mark><\/strong><\/p>\n\n\n\n<p><strong>2023|2024 \u2013 Por outras imagens de mundo: arte, m\u00eddia e pol\u00edtica<\/strong><\/p>\n\n\n\n<p><strong>2024|2025 \u2013 Abordagem das extremidades: entre linguagens e mundos<\/strong><\/p>\n\n\n\n<p><mark><strong>2025|2026 \u2013 Po\u00e9ticas das extremidades<\/strong><\/mark><\/p>\n\n\n\n<p>________________________________________________________________________________________________________________<\/p>\n\n\n\n<p><strong><mark>Atividades 2024|2025<\/mark><\/strong><\/p>\n\n\n\n<p><strong>2024|1<\/strong><\/p>\n\n\n\n<p>Disciplina PPGCOS: Regimes de Sentido da Imagem: Imagem e diversidade: Interseccionalidade, feminismo decolonial, corpos pol\u00edticos e manifesta\u00e7\u00f5es LGBTQIA+: imagens digitais, afec\u00e7\u00f5es traum\u00e1ticas e modos de an\u00e1lise<\/p>\n\n\n\n<p><strong>+&nbsp;<\/strong>Fios soltos \u2013 fios conectados<\/p>\n\n\n\n<p><strong>2024|2<\/strong><\/p>\n\n\n\n<p>Abordagem das extremidades: Disciplina PPGCOS: Regimes de sentido nas redes audiovisuais, no cinema, na performance e na arte contempor\u00e2nea<\/p>\n\n\n\n<p>+ Ciclo de Debates Extremidades, mundos, linguagens + Semin\u00e1rio Entre Semi\u00f3ticas<\/p>\n\n\n\n<p><a><strong><mark>2025|1<\/mark><\/strong><\/a><\/p>\n\n\n\n<p>Disciplina PPGCOS: Regimes de Sentido nas m\u00eddias:<\/p>\n\n\n\n<p>Imagem como&nbsp;<em>encontro<\/em>,&nbsp;<em>ato<\/em>,&nbsp;<em>performatividade<\/em>,&nbsp;<em>ru\u00ednas do vis\u00edvel e racismo algor\u00edtmico<\/em><\/p>\n\n\n\n<p>A IMAGEM EM SUAS RELA\u00c7\u00d5ES COM O CORPO E O ESPA\u00c7O SOCIAL<\/p>\n\n\n\n<p>+ Lan\u00e7amento Livro 3|Cole\u00e7\u00e3o Extremidades +<\/p>\n\n\n\n<p><a>Escrita de artigo (para publica\u00e7\u00e3o em revista acad\u00eamica)<\/a><\/p>\n\n\n\n<p><strong>2025|2<\/strong><\/p>\n\n\n\n<p>Disciplina PPGCOS:&nbsp;<strong><mark>Regimes de Sentido nas po\u00e9ticas:<\/mark><\/strong>&nbsp;<strong><mark>procedimentos entre as redes audiovisuais, o cinema, a performance<\/mark><\/strong>&nbsp;<strong><mark>e a arte contempor\u00e2nea&nbsp;<\/mark><\/strong><\/p>\n\n\n\n<p>PO\u00c9TICAS DAS EXTREMIDADES EM SUAS RELA\u00c7\u00d5ES COM O CORPO E O ESPA\u00c7O SOCIAL por&nbsp;<a>Christine Mello, Cristiana Miranda, Henrique Nogueira Neme, Julia Milar\u00e9,<\/a>&nbsp;Lindolfo Roberto Nascimento, Paula Garcia e Virginia de Medeiros<\/p>\n\n\n\n<p>Escrita de artigo (para publica\u00e7\u00e3o em revista acad\u00eamica e\/ou livro Cole\u00e7\u00e3o Extremidades\/avalia\u00e7\u00e3o Conselho Cient\u00edfico)<\/p>\n\n\n\n<p>_______________________________________________________________________________________________________________<\/p>\n\n\n\n<p><strong><mark>DISCIPLINA PPGCOS + Semin\u00e1rios + Artigos em desenvolvimento e consolida\u00e7\u00e3o:<\/mark><\/strong><\/p>\n\n\n\n<p><strong>07\/08<\/strong>&nbsp;(5\u00aa. feira)<\/p>\n\n\n\n<p>Christine Mello \u2013 Abertura e apresenta\u00e7\u00e3o do curso +&nbsp;<strong><mark>Artigos: laborat\u00f3rio<\/mark><\/strong>&nbsp;+ Po\u00e9ticas do processo\/Cristina Freire + Po\u00e9ticas digitais\/MAC-USP<\/p>\n\n\n\n<p><strong>21\/08<\/strong>&nbsp;(5\u00aa. feira)<\/p>\n\n\n\n<p>Christine Mello \u2013 Po\u00e9ticas das extremidades +&nbsp;<strong><mark>Artigos: laborat\u00f3rio\/debates iniciais<\/mark><\/strong><\/p>\n\n\n\n<p><strong><mark>Henrique Nogueira Neme<\/mark><\/strong>&nbsp;\u2013 Extremidades: po\u00e9tica da implica\u00e7\u00e3o dos corpos em \u201cLingui\u201d<\/p>\n\n\n\n<p><strong><mark>Virginia de Medeiros<\/mark><\/strong>&nbsp;\u2013 Extremidades: po\u00e9tica do encontro em \u201cF\u00e1bula do olhar\u201d<\/p>\n\n\n\n<p><strong>04\/09<\/strong>&nbsp;(5\u00aa. feira)<\/p>\n\n\n\n<p>Christine Mello \u2013&nbsp;<strong><mark>Artigos: entrega 1\/T\u00edtulo + Resumo + Palavras-chave<\/mark><\/strong><\/p>\n\n\n\n<p><strong><mark>Paula Garcia<\/mark><\/strong>&nbsp;\u2013 Extremidades: po\u00e9tica das corporalidades radicais em \u201cCru\/Raw\u201d<\/p>\n\n\n\n<p><strong>18\/09<\/strong>&nbsp;(5\u00aa. feira)<\/p>\n\n\n\n<p>Christine Mello \u2013 Po\u00e9tica das extremidades em Gilbertto Prado +<\/p>\n\n\n\n<p><strong><mark>Artigos: entrega 2\/resumo expandido<\/mark><\/strong><\/p>\n\n\n\n<p><strong>20\/09<\/strong>&nbsp;(<strong><mark>s\u00e1bado<\/mark><\/strong>)<\/p>\n\n\n\n<p>Visita \u00e0 exposi\u00e7\u00e3o de Gilbertto Prado no MAC-USP<\/p>\n\n\n\n<p><strong>02\/10<\/strong>&nbsp;(5\u00aa. feira)<\/p>\n\n\n\n<p>Christine Mello \u2013&nbsp;<strong><mark>Artigos: laborat\u00f3rio<\/mark><\/strong><\/p>\n\n\n\n<p><strong><mark>Julia Milar\u00e9<\/mark><\/strong>&nbsp;\u2013 Extremidades: po\u00e9tica Shanzhai em \u201cIf you\u2019re Lucky (bad copy lost in translation)\u201d<\/p>\n\n\n\n<p><strong>16\/10<\/strong>&nbsp;(5\u00aa. feira)<\/p>\n\n\n\n<p>Christine Mello \u2013 Po\u00e9tica das Extremidades em \u201cOs passos semeiam os caminhos\u201d<\/p>\n\n\n\n<p><strong><mark>Cristiana Miranda<\/mark><\/strong>&nbsp;\u2013 Extremidades: po\u00e9tica da rugosidade em \u201cOs Passos semeiam os caminhos\u201d<\/p>\n\n\n\n<p><strong>30\/10<\/strong>&nbsp;(5\u00aa. feira)<\/p>\n\n\n\n<p>Christine Mello \u2013&nbsp;<strong><mark>Artigos: entrega 3\/ vers\u00e3o final, completa<\/mark><\/strong><\/p>\n\n\n\n<p><strong><mark>Lindolfo Roberto Nascimento<\/mark><\/strong>&nbsp;\u2013 Po\u00e9tica do funk em \u201cDesabafo 2\u201d<\/p>\n\n\n\n<p><strong><mark>Thiago de Souza \u2013 THIAGSON<\/mark><\/strong>&nbsp;\u2013 Convidado \u2013 \u201cMusicologia do Funk\u201d<\/p>\n\n\n\n<p><strong>13\/11<\/strong>&nbsp;(5\u00aa. feira)<\/p>\n\n\n\n<p>Christine Mello \u2013&nbsp;<strong><mark>Artigos: laborat\u00f3rio\/debates finais<\/mark><\/strong>&nbsp;e encerramento do curso.<\/p>\n\n\n\n<p><strong>Escrita do artigo:<\/strong><\/p>\n\n\n\n<p><strong><mark>O artigo tem como objetivo desenvolver a an\u00e1lise de uma obra por meio da Abordagem das extremidades, assim como problematizar a po\u00e9tica do\/a artista.<\/mark><\/strong>&nbsp;Dever\u00e1 ter em torno a 14 p\u00e1ginas (ABNT, com capa, Refer\u00eancias Bibliogr\u00e1ficas e Imagens com cr\u00e9ditos e legenda) devendo conter:<\/p>\n\n\n\n<p>Capa<\/p>\n\n\n\n<p>\u2013&nbsp; Nome dos) autor(a)(es);<\/p>\n\n\n\n<p><a>\u2013 T\u00edtulo + Resumo + Palavras-chave;<\/a><\/p>\n\n\n\n<p>\u2013 Revista Acad\u00eamica para envio (formata\u00e7\u00e3o de acordo com as regras da revista)<\/p>\n\n\n\n<p>Corpo do texto<\/p>\n\n\n\n<p>\u2013 2 p\u00e1ginas: Introdu\u00e7\u00e3o, apresenta\u00e7\u00e3o geral do tema, problema principal, argumento principal e argumentos secund\u00e1rios contendo:<\/p>\n\n\n\n<p>&nbsp;&nbsp;&nbsp;&nbsp;&nbsp;&nbsp;&nbsp;&nbsp;&nbsp;&nbsp;&nbsp; contexto da obra em contato com o mundo;<\/p>\n\n\n\n<p>&nbsp;&nbsp;&nbsp;&nbsp;&nbsp;&nbsp;&nbsp;&nbsp;&nbsp;&nbsp;&nbsp; a posi\u00e7\u00e3o de observa\u00e7\u00e3o, o campo observacional escolhido:<\/p>\n\n\n\n<p>&nbsp;&nbsp;&nbsp;&nbsp;&nbsp;&nbsp;&nbsp;&nbsp;&nbsp;&nbsp;&nbsp; de que modo se d\u00e1 a observa\u00e7\u00e3o? a sua posi\u00e7\u00e3o no texto?<\/p>\n\n\n\n<p>&nbsp;&nbsp;&nbsp;&nbsp;&nbsp;&nbsp;&nbsp;&nbsp;&nbsp;&nbsp;&nbsp; de que modo o lugar da observa\u00e7\u00e3o \u00e9 descentralizado, n\u00e3o hegem\u00f4nico?<\/p>\n\n\n\n<p>&nbsp;&nbsp;&nbsp;&nbsp;&nbsp;&nbsp;&nbsp;&nbsp;&nbsp;&nbsp;&nbsp; de que modo as tens\u00f5es, os estados lim\u00edtrofes s\u00e3o observados?<\/p>\n\n\n\n<p>&nbsp;&nbsp;&nbsp;&nbsp;&nbsp;&nbsp;&nbsp;&nbsp;&nbsp;&nbsp;&nbsp; de que modo h\u00e1 o deslocamento de posi\u00e7\u00f5es rumo \u00e0s extremidades?<\/p>\n\n\n\n<p>\u2013 3 p\u00e1ginas: Intert\u00edtulo 1 (1\u00ba. Argumento secund\u00e1rio) contendo:<\/p>\n\n\n\n<p>apresenta\u00e7\u00e3o do(a) artista; apresenta\u00e7\u00e3o da trajet\u00f3ria, percurso art\u00edstico.<\/p>\n\n\n\n<p>apresenta\u00e7\u00e3o do contexto da obra em an\u00e1lise (tem como objetivo descrever as informa\u00e7\u00f5es mais importantes do trabalho, devendo responder \u00e0s principais quest\u00f5es \u201c<em>o qu\u00ea, quem, quando, onde, como e por qu\u00ea\u201d,&nbsp;<\/em>de forma concisa e clara; imagens da obra. Apresenta\u00e7\u00e3o do campo de problemas\/linguagens geralmente desenvolvido(a)s pelo(a) artista.<\/p>\n\n\n\n<p>\u2013 3 p\u00e1ginas: Intert\u00edtulo 2 (2\u00ba. Argumento secund\u00e1rio) an\u00e1lise da obra por meio da Abordagem das Extremidades (entre extremidades de mundos e de linguagens);<\/p>\n\n\n\n<p>\u2013 3 p\u00e1ginas: Problematiza\u00e7\u00e3o da obra a partir da po\u00e9tica do(a) artista;<\/p>\n\n\n\n<p>\u2013 1 p\u00e1gina: Considera\u00e7\u00f5es finais.<\/p>\n\n\n\n<p>\u2013 Refer\u00eancias bibliogr\u00e1ficas (1 p\u00e1gina).<\/p>\n\n\n\n<p><\/p>\n\n\n\n<p><\/p>\n\n\n\n<p><\/p>\n\n\n\n<p><\/p>\n\n\n\n<p><\/p>\n\n\n\n<p><\/p>\n\n\n\n<p><\/p>\n\n\n\n<p><\/p>\n\n\n\n<p><\/p>\n\n\n\n<p><\/p>\n","protected":false},"excerpt":{"rendered":"<p>Christine Mello PUC-SP | PPGCOS \u2013 Professora permanente Linha de Pesquisa Regimes de sentido nos processos comunicacionais UERJ | PPGARTES \u2013 Professora visitante e p\u00f3s-doc Linha de Pesquisa Arte, imagem e escrita Grupo de Pesquisa Extremidades: redes audiovisuais, cinema, performance e arte contempor\u00e2nea Cole\u00e7\u00e3o Extremidades www.extremidades.art _________________________________________________________ Pesquisa \u2013 2023|2026 2023|2024 \u2013 Por outras imagens [&hellip;]<\/p>\n","protected":false},"author":1,"featured_media":0,"comment_status":"closed","ping_status":"closed","sticky":false,"template":"","format":"standard","meta":{"footnotes":""},"categories":[1],"tags":[],"class_list":["post-28","post","type-post","status-publish","hentry","category-poeticadasextremidades"],"_links":{"self":[{"href":"https:\/\/extremidades.art\/x\/regimesdesentidonaspoeticas\/wp-json\/wp\/v2\/posts\/28","targetHints":{"allow":["GET"]}}],"collection":[{"href":"https:\/\/extremidades.art\/x\/regimesdesentidonaspoeticas\/wp-json\/wp\/v2\/posts"}],"about":[{"href":"https:\/\/extremidades.art\/x\/regimesdesentidonaspoeticas\/wp-json\/wp\/v2\/types\/post"}],"author":[{"embeddable":true,"href":"https:\/\/extremidades.art\/x\/regimesdesentidonaspoeticas\/wp-json\/wp\/v2\/users\/1"}],"replies":[{"embeddable":true,"href":"https:\/\/extremidades.art\/x\/regimesdesentidonaspoeticas\/wp-json\/wp\/v2\/comments?post=28"}],"version-history":[{"count":8,"href":"https:\/\/extremidades.art\/x\/regimesdesentidonaspoeticas\/wp-json\/wp\/v2\/posts\/28\/revisions"}],"predecessor-version":[{"id":98,"href":"https:\/\/extremidades.art\/x\/regimesdesentidonaspoeticas\/wp-json\/wp\/v2\/posts\/28\/revisions\/98"}],"wp:attachment":[{"href":"https:\/\/extremidades.art\/x\/regimesdesentidonaspoeticas\/wp-json\/wp\/v2\/media?parent=28"}],"wp:term":[{"taxonomy":"category","embeddable":true,"href":"https:\/\/extremidades.art\/x\/regimesdesentidonaspoeticas\/wp-json\/wp\/v2\/categories?post=28"},{"taxonomy":"post_tag","embeddable":true,"href":"https:\/\/extremidades.art\/x\/regimesdesentidonaspoeticas\/wp-json\/wp\/v2\/tags?post=28"}],"curies":[{"name":"wp","href":"https:\/\/api.w.org\/{rel}","templated":true}]}}