{"id":125,"date":"2021-05-21T19:11:19","date_gmt":"2021-05-21T22:11:19","guid":{"rendered":"https:\/\/extremidades.art\/x\/projetoater\/?p=125"},"modified":"2021-05-21T19:11:21","modified_gmt":"2021-05-21T22:11:21","slug":"processo","status":"publish","type":"post","link":"https:\/\/extremidades.art\/x\/projetoater\/2021\/05\/21\/processo\/","title":{"rendered":"PROCESSO"},"content":{"rendered":"\n<p><strong>1<\/strong>. Congressos:<\/p>\n\n\n\n<ul class=\"wp-block-list\"><li> Algoritmo, Tecnologia e Redes Sociais: Intelig\u00eancia Artificial como pr\u00e1tica art\u00edstica e antirracista a partir do Instagram, no 1\u00ba Congresso de Intelig\u00eancia Artificial da PUC (2020).<\/li><\/ul>\n\n\n\n<figure class=\"wp-block-image size-large\"><img loading=\"lazy\" decoding=\"async\" width=\"1024\" height=\"485\" src=\"https:\/\/extremidades.art\/x\/projetoater\/wp-content\/uploads\/sites\/19\/2021\/05\/IAOUC-1024x485.jpeg\" alt=\"\" class=\"wp-image-91\" srcset=\"https:\/\/extremidades.art\/x\/projetoater\/wp-content\/uploads\/sites\/19\/2021\/05\/IAOUC-1024x485.jpeg 1024w, https:\/\/extremidades.art\/x\/projetoater\/wp-content\/uploads\/sites\/19\/2021\/05\/IAOUC-300x142.jpeg 300w, https:\/\/extremidades.art\/x\/projetoater\/wp-content\/uploads\/sites\/19\/2021\/05\/IAOUC-768x364.jpeg 768w, https:\/\/extremidades.art\/x\/projetoater\/wp-content\/uploads\/sites\/19\/2021\/05\/IAOUC.jpeg 1280w\" sizes=\"auto, (max-width: 1024px) 100vw, 1024px\" \/><\/figure>\n\n\n\n<p class=\"has-text-align-center\">Minutagem: de 5:14:35 at\u00e9 5:26:57<\/p>\n\n\n\n<figure class=\"wp-block-embed is-type-video is-provider-youtube wp-block-embed-youtube wp-embed-aspect-16-9 wp-has-aspect-ratio\"><div class=\"wp-block-embed__wrapper\">\n<iframe loading=\"lazy\" title=\"1\u00ba Congresso de Intelig\u00eancia Artificial - PUCSP - Dia 2\" width=\"500\" height=\"281\" src=\"https:\/\/www.youtube.com\/embed\/Xcm5TLvIyBg?start=16&#038;feature=oembed\" frameborder=\"0\" allow=\"accelerometer; autoplay; clipboard-write; encrypted-media; gyroscope; picture-in-picture; web-share\" referrerpolicy=\"strict-origin-when-cross-origin\" allowfullscreen><\/iframe> \n<\/div><\/figure>\n\n\n\n<p><strong>2<\/strong>.Simp\u00f3sios:<\/p>\n\n\n\n<ul class=\"wp-block-list\"><li>Intelig\u00eancia Artificial como Pr\u00e1tica Art\u00edstica e Antirracista a partir do Instagram, no XIII Simp\u00f3sio Nacional da ABCiber Virtualiza\u00e7\u00e3o da Vida: Futuros Imediatos, Tecnopol\u00edticas e Reconstru\u00e7\u00e3o do Comum no Cen\u00e1rio P\u00f3s-pandemia (2020).<\/li><\/ul>\n\n\n\n<figure class=\"wp-block-image size-large\"><img loading=\"lazy\" decoding=\"async\" width=\"850\" height=\"532\" src=\"https:\/\/extremidades.art\/x\/projetoater\/wp-content\/uploads\/sites\/19\/2021\/05\/simposio.png\" alt=\"\" class=\"wp-image-73\" srcset=\"https:\/\/extremidades.art\/x\/projetoater\/wp-content\/uploads\/sites\/19\/2021\/05\/simposio.png 850w, https:\/\/extremidades.art\/x\/projetoater\/wp-content\/uploads\/sites\/19\/2021\/05\/simposio-300x188.png 300w, https:\/\/extremidades.art\/x\/projetoater\/wp-content\/uploads\/sites\/19\/2021\/05\/simposio-768x481.png 768w\" sizes=\"auto, (max-width: 850px) 100vw, 850px\" \/><\/figure>\n","protected":false},"excerpt":{"rendered":"<p>1. Congressos: Algoritmo, Tecnologia e Redes Sociais: Intelig\u00eancia Artificial como pr\u00e1tica art\u00edstica e antirracista a partir do Instagram, no 1\u00ba Congresso de Intelig\u00eancia Artificial da PUC (2020). Minutagem: de 5:14:35 at\u00e9 5:26:57 2.Simp\u00f3sios: Intelig\u00eancia Artificial como Pr\u00e1tica Art\u00edstica e Antirracista a partir do Instagram, no XIII Simp\u00f3sio Nacional da ABCiber Virtualiza\u00e7\u00e3o da Vida: Futuros Imediatos, [&hellip;]<\/p>\n","protected":false},"author":17,"featured_media":0,"comment_status":"closed","ping_status":"closed","sticky":false,"template":"","format":"standard","meta":{"footnotes":""},"categories":[8],"tags":[],"class_list":["post-125","post","type-post","status-publish","hentry","category-ater"],"_links":{"self":[{"href":"https:\/\/extremidades.art\/x\/projetoater\/wp-json\/wp\/v2\/posts\/125","targetHints":{"allow":["GET"]}}],"collection":[{"href":"https:\/\/extremidades.art\/x\/projetoater\/wp-json\/wp\/v2\/posts"}],"about":[{"href":"https:\/\/extremidades.art\/x\/projetoater\/wp-json\/wp\/v2\/types\/post"}],"author":[{"embeddable":true,"href":"https:\/\/extremidades.art\/x\/projetoater\/wp-json\/wp\/v2\/users\/17"}],"replies":[{"embeddable":true,"href":"https:\/\/extremidades.art\/x\/projetoater\/wp-json\/wp\/v2\/comments?post=125"}],"version-history":[{"count":1,"href":"https:\/\/extremidades.art\/x\/projetoater\/wp-json\/wp\/v2\/posts\/125\/revisions"}],"predecessor-version":[{"id":126,"href":"https:\/\/extremidades.art\/x\/projetoater\/wp-json\/wp\/v2\/posts\/125\/revisions\/126"}],"wp:attachment":[{"href":"https:\/\/extremidades.art\/x\/projetoater\/wp-json\/wp\/v2\/media?parent=125"}],"wp:term":[{"taxonomy":"category","embeddable":true,"href":"https:\/\/extremidades.art\/x\/projetoater\/wp-json\/wp\/v2\/categories?post=125"},{"taxonomy":"post_tag","embeddable":true,"href":"https:\/\/extremidades.art\/x\/projetoater\/wp-json\/wp\/v2\/tags?post=125"}],"curies":[{"name":"wp","href":"https:\/\/api.w.org\/{rel}","templated":true}]}}