{"id":98,"date":"2020-10-01T19:08:04","date_gmt":"2020-10-01T22:08:04","guid":{"rendered":"http:\/\/extremidades.art\/x\/meioameio\/?p=98"},"modified":"2021-05-20T13:09:10","modified_gmt":"2021-05-20T16:09:10","slug":"processos-de-ativacao-curadorias-performativas-em-rede","status":"publish","type":"post","link":"https:\/\/extremidades.art\/x\/meioameio\/2020\/10\/01\/processos-de-ativacao-curadorias-performativas-em-rede\/","title":{"rendered":"processos de ativa\u00e7\u00e3o: curadorias performativas em rede"},"content":{"rendered":"\n<p>O projeto se destina a desenvolver um espa\u00e7o multitudinal focado nas novas perspectivas curatoriais que as conex\u00f5es em <a href=\"https:\/\/www.instagram.com\/explore\/tags\/rede\/\" data-type=\"URL\" data-id=\"https:\/\/www.instagram.com\/explore\/tags\/rede\/\">#rede<\/a> podem&nbsp; proporcionar, realizando ent\u00e3o, uma cataloga\u00e7\u00e3o dos conte\u00fados desenvolvidos e compartilhados de forma afetiva nas redes sociais.<\/p>\n\n\n\n<p>Em um contexto onde as redes e movimentos sociais alicer\u00e7ados pelo uso das tecnologias s\u00e3o um fator de uni\u00e3o e de <a href=\"https:\/\/www.tiktok.com\/tag\/compartilhamento\" data-type=\"URL\" data-id=\"https:\/\/www.tiktok.com\/tag\/compartilhamento\">#compartilhamento<\/a> de afetos, pensamos uma curadoria a partir da proposi\u00e7\u00e3o de transformar o espectador em agenciador, a partir dos deslocamentos entra produ\u00e7\u00f5es midi\u00e1ticas das redes sociais.<\/p>\n\n\n\n<p> \u201cO novo artista protesta: j\u00e1 n\u00e3o pinta\u201d, mas \u201ccria diretamente\u201d, escreveu Tristan Tzara em seu \u201cManifesto Dad\u00e1\u201d de 1918. Quase noventa anos depois, o press\u00e1gio do poeta romeno renasce como uma centelha de luta, disseminada contra a iman\u00eancia das m\u00faltiplas configura\u00e7\u00f5es do capitalismo contempor\u00e2neo. Contudo, j\u00e1 n\u00e3o basta ao artista apenas a \u201cpolitiza\u00e7\u00e3o da arte\u201d, mas a inven\u00e7\u00e3o de outras formas de emancipa\u00e7\u00e3o do sujeito, apresentados aqui em forma de uma a\u00e7\u00e3o curatorial perform\u00e1tica uma nova pr\u00e1tica de pensamento em curadoria, uma curadoria em <a href=\"https:\/\/twitter.com\/search?q=%23rede&amp;src=typed_query\" data-type=\"URL\" data-id=\"https:\/\/twitter.com\/search?q=%23rede&amp;src=typed_query\">#rede<\/a>, evidenciando a presen\u00e7a do <a href=\"https:\/\/www.instagram.com\/explore\/tags\/afeto\/\" data-type=\"URL\" data-id=\"https:\/\/www.instagram.com\/explore\/tags\/afeto\/\">#afeto <\/a>no gesto curatorial.<\/p>\n\n\n\n<p>Onde a performatividade se dar\u00e1 atrav\u00e9s da intera\u00e7\u00e3o do usu\u00e1rio com as redes sociais e tamb\u00e9m com conte\u00fado disponibilizado, se apresentando ent\u00e3o nos deslocamentos entre plataformas e na forma de disponibiliza\u00e7\u00e3o. Levando aos extremos os deslocamentos do espectador do lugar da passividade imposto pelas m\u00eddias tradicionais, onde o sujeito inerte \u00e9 atingido pelos est\u00edmulos visuais estando na posi\u00e7\u00e3o de observador; para o lugar do espectador <a href=\"https:\/\/www.facebook.com\/hashtag\/ativo\" data-type=\"URL\" data-id=\"https:\/\/www.facebook.com\/hashtag\/ativo\">#ativo<\/a>, onde o sujeito para ter acesso a algum tipo de visualiza\u00e7\u00e3o, precisa interagir diretamente com aparatos de media\u00e7\u00e3o.<\/p>\n","protected":false},"excerpt":{"rendered":"<p>O projeto se destina a desenvolver um espa\u00e7o multitudinal focado nas novas perspectivas curatoriais que as conex\u00f5es em #rede podem&nbsp; proporcionar, realizando ent\u00e3o, uma cataloga\u00e7\u00e3o dos conte\u00fados desenvolvidos e compartilhados de forma afetiva nas redes sociais. Em um contexto onde as redes e movimentos sociais alicer\u00e7ados pelo uso das tecnologias s\u00e3o um fator de uni\u00e3o [&hellip;]<\/p>\n","protected":false},"author":4,"featured_media":0,"comment_status":"closed","ping_status":"closed","sticky":false,"template":"","format":"standard","meta":{"footnotes":""},"categories":[8],"tags":[29,22,36,35,16,20,21,17,18],"class_list":["post-98","post","type-post","status-publish","hentry","category-txt","tag-afeto-2","tag-ativacao","tag-ativo","tag-compartilhamento","tag-curadoria","tag-gesto","tag-interatividade","tag-performatividade","tag-rede"],"_links":{"self":[{"href":"https:\/\/extremidades.art\/x\/meioameio\/wp-json\/wp\/v2\/posts\/98","targetHints":{"allow":["GET"]}}],"collection":[{"href":"https:\/\/extremidades.art\/x\/meioameio\/wp-json\/wp\/v2\/posts"}],"about":[{"href":"https:\/\/extremidades.art\/x\/meioameio\/wp-json\/wp\/v2\/types\/post"}],"author":[{"embeddable":true,"href":"https:\/\/extremidades.art\/x\/meioameio\/wp-json\/wp\/v2\/users\/4"}],"replies":[{"embeddable":true,"href":"https:\/\/extremidades.art\/x\/meioameio\/wp-json\/wp\/v2\/comments?post=98"}],"version-history":[{"count":7,"href":"https:\/\/extremidades.art\/x\/meioameio\/wp-json\/wp\/v2\/posts\/98\/revisions"}],"predecessor-version":[{"id":392,"href":"https:\/\/extremidades.art\/x\/meioameio\/wp-json\/wp\/v2\/posts\/98\/revisions\/392"}],"wp:attachment":[{"href":"https:\/\/extremidades.art\/x\/meioameio\/wp-json\/wp\/v2\/media?parent=98"}],"wp:term":[{"taxonomy":"category","embeddable":true,"href":"https:\/\/extremidades.art\/x\/meioameio\/wp-json\/wp\/v2\/categories?post=98"},{"taxonomy":"post_tag","embeddable":true,"href":"https:\/\/extremidades.art\/x\/meioameio\/wp-json\/wp\/v2\/tags?post=98"}],"curies":[{"name":"wp","href":"https:\/\/api.w.org\/{rel}","templated":true}]}}