{"id":356,"date":"2021-05-20T12:44:58","date_gmt":"2021-05-20T15:44:58","guid":{"rendered":"https:\/\/extremidades.art\/x\/meioameio\/?p=356"},"modified":"2021-05-20T12:50:59","modified_gmt":"2021-05-20T15:50:59","slug":"novas-formas-de-lidar-com-as-imagens-em-rede-a-partir-de-um-pensamento-de-curadoria-interativa","status":"publish","type":"post","link":"https:\/\/extremidades.art\/x\/meioameio\/2021\/05\/20\/novas-formas-de-lidar-com-as-imagens-em-rede-a-partir-de-um-pensamento-de-curadoria-interativa\/","title":{"rendered":"novas formas de lidar com as imagens em rede a partir de um pensamento de curadoria interativa"},"content":{"rendered":"\n<div class=\"wp-block-buttons is-content-justification-left is-layout-flex wp-block-buttons-is-layout-flex\">\n<div class=\"wp-block-button\"><a class=\"wp-block-button__link\" href=\"http:\/\/www.livrosabertos.sibi.usp.br\/portaldelivrosUSP\/catalog\/book\/582\" target=\"_blank\" rel=\"noreferrer noopener\">DONWLOAD  DO TEXTO<\/a><\/div>\n<\/div>\n\n\n\n<div style=\"height:100px\" aria-hidden=\"true\" class=\"wp-block-spacer\"><\/div>\n\n\n\n<p class=\"has-large-font-size\"><strong>CAP\u00cdTULO NO LIVRO &#8211; PANDEM\u00cdDIA: V\u00cdRUS, CONTAMINA\u00c7\u00d5ES E CONFINAMENTOS<\/strong><\/p>\n\n\n\n<p>A dissemina\u00e7\u00e3o do coronav\u00edrus em escala mundial criou um panorama inesperado no ano de 2020. A maioria das pessoas ficou confinada em suas moradias. Rapidamente, diversos fen\u00f4menos audiovisuais foram criados na esteira das tecnologias de imagem que j\u00e1 vinham se tornando cotidianas na vida di\u00e1ria do planeta. Pandem\u00eddia se refere a este momento, em que um v\u00edrus letal nos colocou diante das mais variadas telas e manifesta\u00e7\u00f5es de comunica\u00e7\u00e3o. Algumas reflex\u00f5es sobre esse acontecimento est\u00e3o aqui, nesta publica\u00e7\u00e3o, buscando v\u00e1rios aspectos do cruzamento da pandemia com a m\u00eddia, com a solid\u00e3o do confinamento, com o perigo real da contamina\u00e7\u00e3o e, por consequ\u00eancia, da morte. Na crise sanit\u00e1ria que se instaura somam-se as crises pessoais, sociais e pol\u00edticas, mas tamb\u00e9m uma explos\u00e3o criativa que delas decorre. Pandem\u00eddia: v\u00edrus, contamina\u00e7\u00f5es e confinamentos \u00e9 cria\u00e7\u00e3o do Laborat\u00f3rio de Arte, M\u00eddia e Tecnologias Digitais \u2013 LabArteM\u00eddia, uma publica\u00e7\u00e3o da Escola de Comunica\u00e7\u00f5es e Artes\/USP e da Invis\u00edveis Produ\u00e7\u00f5es, do ano de 2020.<\/p>\n\n\n\n<div style=\"height:50px\" aria-hidden=\"true\" class=\"wp-block-spacer\"><\/div>\n\n\n\n<figure class=\"wp-block-embed aligncenter is-type-rich is-provider-issuu wp-block-embed-issuu\"><div class=\"wp-block-embed__wrapper\">\n<iframe title=\"Pandem\u00eddia - LabArteM\u00eddia\" src=\"https:\/\/e.issuu.com\/embed.html?u=invisiveisproducoes&#038;d=pandemidia\" style=\"border:none; width: 500px; height: 383px;\" allow=\"clipboard-write,allow-top-navigation,allow-top-navigation-by-user-activation,allow-downloads,allow-scripts,allow-same-origin,allow-popups,allow-modals,allow-popups-to-escape-sandbox,allow-forms\"  allowfullscreen=\"true\"><\/iframe>\n<\/div><\/figure>\n\n\n\n<p style=\"font-size:11px\">Pandem\u00eddia [recurso eletr\u00f4nico] : v\u00edrus, contamina\u00e7\u00f5es e confinamentos \/ organiza\u00e7\u00e3o Almir Almas \u2026 [et al.] ; projeto gr\u00e1fico Daniel C F Lima. \u2013 S\u00e3o Paulo: ECA-USP, 2020.240 p .; il.<\/p>\n\n\n\n<p><\/p>\n\n\n\n<p><\/p>\n","protected":false},"excerpt":{"rendered":"<p>CAP\u00cdTULO NO LIVRO &#8211; PANDEM\u00cdDIA: V\u00cdRUS, CONTAMINA\u00c7\u00d5ES E CONFINAMENTOS A dissemina\u00e7\u00e3o do coronav\u00edrus em escala mundial criou um panorama inesperado no ano de 2020. A maioria das pessoas ficou confinada em suas moradias. Rapidamente, diversos fen\u00f4menos audiovisuais foram criados na esteira das tecnologias de imagem que j\u00e1 vinham se tornando cotidianas na vida di\u00e1ria do [&hellip;]<\/p>\n","protected":false},"author":4,"featured_media":0,"comment_status":"closed","ping_status":"closed","sticky":false,"template":"","format":"standard","meta":{"footnotes":""},"categories":[8],"tags":[],"class_list":["post-356","post","type-post","status-publish","hentry","category-txt"],"_links":{"self":[{"href":"https:\/\/extremidades.art\/x\/meioameio\/wp-json\/wp\/v2\/posts\/356","targetHints":{"allow":["GET"]}}],"collection":[{"href":"https:\/\/extremidades.art\/x\/meioameio\/wp-json\/wp\/v2\/posts"}],"about":[{"href":"https:\/\/extremidades.art\/x\/meioameio\/wp-json\/wp\/v2\/types\/post"}],"author":[{"embeddable":true,"href":"https:\/\/extremidades.art\/x\/meioameio\/wp-json\/wp\/v2\/users\/4"}],"replies":[{"embeddable":true,"href":"https:\/\/extremidades.art\/x\/meioameio\/wp-json\/wp\/v2\/comments?post=356"}],"version-history":[{"count":15,"href":"https:\/\/extremidades.art\/x\/meioameio\/wp-json\/wp\/v2\/posts\/356\/revisions"}],"predecessor-version":[{"id":372,"href":"https:\/\/extremidades.art\/x\/meioameio\/wp-json\/wp\/v2\/posts\/356\/revisions\/372"}],"wp:attachment":[{"href":"https:\/\/extremidades.art\/x\/meioameio\/wp-json\/wp\/v2\/media?parent=356"}],"wp:term":[{"taxonomy":"category","embeddable":true,"href":"https:\/\/extremidades.art\/x\/meioameio\/wp-json\/wp\/v2\/categories?post=356"},{"taxonomy":"post_tag","embeddable":true,"href":"https:\/\/extremidades.art\/x\/meioameio\/wp-json\/wp\/v2\/tags?post=356"}],"curies":[{"name":"wp","href":"https:\/\/api.w.org\/{rel}","templated":true}]}}