{"id":28,"date":"2020-10-01T19:50:22","date_gmt":"2020-10-01T22:50:22","guid":{"rendered":"http:\/\/extremidades.art\/x\/meioameio\/?p=28"},"modified":"2021-05-20T13:08:04","modified_gmt":"2021-05-20T16:08:04","slug":"plataforma-x","status":"publish","type":"post","link":"https:\/\/extremidades.art\/x\/meioameio\/2020\/10\/01\/plataforma-x\/","title":{"rendered":"plataforma x"},"content":{"rendered":"\n<p class=\"has-text-align-left\">Criada a partir do processo coletivo de performance audiovisual <a href=\"https:\/\/www.instagram.com\/explore\/tags\/amultidao\/\" data-type=\"URL\" data-id=\"https:\/\/www.instagram.com\/explore\/tags\/amultidao\/\">#amultidao<\/a> nasceu a ideia da Plataforma X, um prot\u00f3tipo de plataforma desenvolvido&nbsp;por meio de um trabalho curatorial da artista e pesquisadora Fernanda Oliveira e da cr\u00edtica e curadora Paula Squaiella,&nbsp;na emerg\u00eancia de lidar com os fragmentos imag\u00e9ticos que surgiram da performance coletiva em <a href=\"https:\/\/www.tiktok.com\/tag\/rede?source=h5_t\" data-type=\"URL\" data-id=\"https:\/\/www.tiktok.com\/tag\/rede?source=h5_t\">#rede<\/a>.<\/p>\n\n\n\n<p class=\"has-text-align-left\">A Plataforma X, se constr\u00f3i, ent\u00e3o, a partir de um trabalho curatorial com fragmentos de uma performance em<a href=\"https:\/\/www.instagram.com\/explore\/tags\/rede\/\" data-type=\"URL\" data-id=\"https:\/\/www.instagram.com\/explore\/tags\/rede\/\"> #rede<\/a>, e do que isso significa num espa\u00e7o <a href=\"https:\/\/www.facebook.com\/hashtag\/efemero\" data-type=\"URL\" data-id=\"https:\/\/www.facebook.com\/hashtag\/efemero\">#ef\u00eamero<\/a> e super contaminado como as redes sociais. Ocorre ent\u00e3o, pela escolha das curadoras, um distanciamento do espa\u00e7o de redes sociais, deslocando os registros de seu espa\u00e7o de acontecimento para uma plataforma pr\u00f3pria, constru\u00edda especificamente para armazenar esses registros, fora de um espa\u00e7o virtual controlado&nbsp;por agenciamentos algor\u00edtmicos e passando a ser preservados a partir de um controle manual por parte das curadores, que al\u00e9m da preserva\u00e7\u00e3o, prop\u00f5e com \u00e0 plataforma uma ressignifica\u00e7\u00e3o da experi\u00eancia atrav\u00e9s da intera\u00e7\u00e3o do p\u00fablico com os registros.&nbsp;<\/p>\n\n\n\n<p class=\"has-text-align-left\">Os res\u00edduos das a\u00e7\u00f5es perform\u00e1ticas da performance <a href=\"https:\/\/www.tiktok.com\/tag\/amultidao?lang=pt_BR\" data-type=\"URL\" data-id=\"https:\/\/www.tiktok.com\/tag\/amultidao?lang=pt_BR\">#amultidao<\/a>, se tornam, ent\u00e3o, o ponto de partida da cria\u00e7\u00e3o de uma interface interativa, com abordagem est\u00e9tica experiencial, como uma proposi\u00e7\u00e3o de plataforma onde o sujeito interator se desloca para o papel de sujeito criador gerando novos significados a partir de seu contato com os registros imag\u00e9ticos, de modo a criar uma nova forma de experi\u00eancia est\u00e9tica com as imagens em redes.&nbsp;<em><strong>&lt;<a rel=\"noreferrer noopener\" href=\"https:\/\/extremidades.art\/plataformax\/\" target=\"_blank\">https:\/\/extremidades.art\/plataformax\/<\/a>&gt;<\/strong><\/em><\/p>\n","protected":false},"excerpt":{"rendered":"<p>Criada a partir do processo coletivo de performance audiovisual #amultidao nasceu a ideia da Plataforma X, um prot\u00f3tipo de plataforma desenvolvido&nbsp;por meio de um trabalho curatorial da artista e pesquisadora Fernanda Oliveira e da cr\u00edtica e curadora Paula Squaiella,&nbsp;na emerg\u00eancia de lidar com os fragmentos imag\u00e9ticos que surgiram da performance coletiva em #rede. A Plataforma [&hellip;]<\/p>\n","protected":false},"author":6,"featured_media":0,"comment_status":"closed","ping_status":"closed","sticky":false,"template":"","format":"standard","meta":{"footnotes":""},"categories":[1],"tags":[7,37,27,24,25,26,23,18],"class_list":["post-28","post","type-post","status-publish","hentry","category-percurso","tag-amultidao","tag-efemero","tag-experiencia","tag-fragmentos","tag-imagens","tag-performance","tag-plataformax","tag-rede"],"_links":{"self":[{"href":"https:\/\/extremidades.art\/x\/meioameio\/wp-json\/wp\/v2\/posts\/28","targetHints":{"allow":["GET"]}}],"collection":[{"href":"https:\/\/extremidades.art\/x\/meioameio\/wp-json\/wp\/v2\/posts"}],"about":[{"href":"https:\/\/extremidades.art\/x\/meioameio\/wp-json\/wp\/v2\/types\/post"}],"author":[{"embeddable":true,"href":"https:\/\/extremidades.art\/x\/meioameio\/wp-json\/wp\/v2\/users\/6"}],"replies":[{"embeddable":true,"href":"https:\/\/extremidades.art\/x\/meioameio\/wp-json\/wp\/v2\/comments?post=28"}],"version-history":[{"count":20,"href":"https:\/\/extremidades.art\/x\/meioameio\/wp-json\/wp\/v2\/posts\/28\/revisions"}],"predecessor-version":[{"id":389,"href":"https:\/\/extremidades.art\/x\/meioameio\/wp-json\/wp\/v2\/posts\/28\/revisions\/389"}],"wp:attachment":[{"href":"https:\/\/extremidades.art\/x\/meioameio\/wp-json\/wp\/v2\/media?parent=28"}],"wp:term":[{"taxonomy":"category","embeddable":true,"href":"https:\/\/extremidades.art\/x\/meioameio\/wp-json\/wp\/v2\/categories?post=28"},{"taxonomy":"post_tag","embeddable":true,"href":"https:\/\/extremidades.art\/x\/meioameio\/wp-json\/wp\/v2\/tags?post=28"}],"curies":[{"name":"wp","href":"https:\/\/api.w.org\/{rel}","templated":true}]}}