{"id":26,"date":"2020-09-26T12:35:50","date_gmt":"2020-09-26T15:35:50","guid":{"rendered":"http:\/\/extremidades.art\/x\/meioameio\/?p=26"},"modified":"2021-05-20T13:02:27","modified_gmt":"2021-05-20T16:02:27","slug":"paula-squaiella","status":"publish","type":"post","link":"https:\/\/extremidades.art\/x\/meioameio\/2020\/09\/26\/paula-squaiella\/","title":{"rendered":"PAULA SQUAIELLA"},"content":{"rendered":"\n<p>Comunic\u00f3loga multimidi\u00e1tica pela PUC-SP. Possui grande interesse nas \u00e1reas de arte, comunica\u00e7\u00e3o e&nbsp;audiovisual. Desenvolve pesquisa nas \u00e1reas de Critica, Curadoria e acervos em novas m\u00eddias, tendo realizado sua primeira exposi\u00e7\u00e3o em 2019.&nbsp;Atualmente \u00e9 integrante do Grupo de estudos&nbsp;<em>Extremidades: redes audiovisuais, cinema, performance e arte contempor\u00e2nea<\/em>&nbsp;onde desenvolve projetos&nbsp;e pesquisas. Trabalhou como arte educadora pelo SESC Pomp\u00e9ia e pesquisadora iconogr\u00e1fica freelancer, al\u00e9m de ter participado de projetos na \u00e1rea do audiovisual.&nbsp;<\/p>\n","protected":false},"excerpt":{"rendered":"<p>Comunic\u00f3loga multimidi\u00e1tica pela PUC-SP. Possui grande interesse nas \u00e1reas de arte, comunica\u00e7\u00e3o e&nbsp;audiovisual. Desenvolve pesquisa nas \u00e1reas de Critica, Curadoria e acervos em novas m\u00eddias, tendo realizado sua primeira exposi\u00e7\u00e3o em 2019.&nbsp;Atualmente \u00e9 integrante do Grupo de estudos&nbsp;Extremidades: redes audiovisuais, cinema, performance e arte contempor\u00e2nea&nbsp;onde desenvolve projetos&nbsp;e pesquisas. Trabalhou como arte educadora pelo SESC Pomp\u00e9ia [&hellip;]<\/p>\n","protected":false},"author":4,"featured_media":0,"comment_status":"closed","ping_status":"closed","sticky":false,"template":"","format":"standard","meta":{"footnotes":""},"categories":[6],"tags":[],"class_list":["post-26","post","type-post","status-publish","hentry","category-metades"],"_links":{"self":[{"href":"https:\/\/extremidades.art\/x\/meioameio\/wp-json\/wp\/v2\/posts\/26","targetHints":{"allow":["GET"]}}],"collection":[{"href":"https:\/\/extremidades.art\/x\/meioameio\/wp-json\/wp\/v2\/posts"}],"about":[{"href":"https:\/\/extremidades.art\/x\/meioameio\/wp-json\/wp\/v2\/types\/post"}],"author":[{"embeddable":true,"href":"https:\/\/extremidades.art\/x\/meioameio\/wp-json\/wp\/v2\/users\/4"}],"replies":[{"embeddable":true,"href":"https:\/\/extremidades.art\/x\/meioameio\/wp-json\/wp\/v2\/comments?post=26"}],"version-history":[{"count":4,"href":"https:\/\/extremidades.art\/x\/meioameio\/wp-json\/wp\/v2\/posts\/26\/revisions"}],"predecessor-version":[{"id":383,"href":"https:\/\/extremidades.art\/x\/meioameio\/wp-json\/wp\/v2\/posts\/26\/revisions\/383"}],"wp:attachment":[{"href":"https:\/\/extremidades.art\/x\/meioameio\/wp-json\/wp\/v2\/media?parent=26"}],"wp:term":[{"taxonomy":"category","embeddable":true,"href":"https:\/\/extremidades.art\/x\/meioameio\/wp-json\/wp\/v2\/categories?post=26"},{"taxonomy":"post_tag","embeddable":true,"href":"https:\/\/extremidades.art\/x\/meioameio\/wp-json\/wp\/v2\/tags?post=26"}],"curies":[{"name":"wp","href":"https:\/\/api.w.org\/{rel}","templated":true}]}}