{"id":23,"date":"2020-09-26T12:40:30","date_gmt":"2020-09-26T15:40:30","guid":{"rendered":"http:\/\/extremidades.art\/x\/meioameio\/?p=23"},"modified":"2022-05-26T11:48:36","modified_gmt":"2022-05-26T14:48:36","slug":"fernanda-oliveira","status":"publish","type":"post","link":"https:\/\/extremidades.art\/x\/meioameio\/2020\/09\/26\/fernanda-oliveira\/","title":{"rendered":"FERNANDA OLIVEIRA"},"content":{"rendered":"\n<p><strong><a rel=\"noreferrer noopener\" href=\"https:\/\/issuu.com\/fernandadesouzaoliveira\/docs\/portf_liofernandaoliveira_2020\" target=\"_blank\">Artista e pesquisadora multim\u00eddia<\/a><\/strong>. Mestranda em Artes Visuais pelo Instituto de Artes da Universidade Estadual de Campinas (UNICAMP), bolsista FAEPEX 2029\/19 vinculada ao projeto de pesquisa &#8220;Est\u00e9ticas p\u00f3s-antropoc\u00eantricas: rumo a sistemas bioh\u00edbridos&#8221; sob orienta\u00e7\u00e3o do Prof. Dr. C\u00e9sar Baio. \u00c9 especialista em Fotografia (FAAP), bacharel em Artes Visuais: Pintura, Gravura e Escultura (Universidade Belas Artes) e fot\u00f3grafa profissional (Escola Panamericana de Artes). <\/p>\n\n\n\n<p>Participa do<strong> <a rel=\"noreferrer noopener\" href=\"https:\/\/extremidades.art\/\" target=\"_blank\">Grupo de Pesquisa Extremidades: redes audiovisuais, cinema, performance e arte contempor\u00e2nea<\/a><\/strong>, que integra a Linha de Pesquisa Regimes de Sentido e Processos Comunicacionais da P\u00f3s-Gradua\u00e7\u00e3o em Comunica\u00e7\u00e3o e Semi\u00f3tica da PUC-SP, coordenado por Christine Mello e Larissa Mac\u00eado. E do <a rel=\"noreferrer noopener\" href=\"https:\/\/www.instagram.com\/actlab_\/\" target=\"_blank\"><strong>ACTlab &#8211; Laborat\u00f3rio de Arte, Conhecimento e Tecnologias Desviantes<\/strong><\/a> que desenvolve projetos interdisciplinares nas \u00e1reas de arte, ci\u00eancia e tecnologia dentro da UNICAMP, liderado pelo artista, professor e pesquisador Cesar Baio. Faz parte junto com Claudio Filho do coletivo multimidi\u00e1tico K\u014ddos e \u00e9 uma das metades do coletivo <strong><a rel=\"noreferrer noopener\" href=\"https:\/\/extremidades.art\/x\/meioameio\/\" target=\"_blank\">MEIO A MEIO<\/a><\/strong>.<\/p>\n\n\n\n<div style=\"height:100px\" aria-hidden=\"true\" class=\"wp-block-spacer\"><\/div>\n\n\n\n<p><\/p>\n\n\n\n<p><\/p>\n\n\n\n<p><\/p>\n\n\n\n<p><\/p>\n","protected":false},"excerpt":{"rendered":"<p>Artista e pesquisadora multim\u00eddia. Mestranda em Artes Visuais pelo Instituto de Artes da Universidade Estadual de Campinas (UNICAMP), bolsista FAEPEX 2029\/19 vinculada ao projeto de pesquisa &#8220;Est\u00e9ticas p\u00f3s-antropoc\u00eantricas: rumo a sistemas bioh\u00edbridos&#8221; sob orienta\u00e7\u00e3o do Prof. Dr. C\u00e9sar Baio. \u00c9 especialista em Fotografia (FAAP), bacharel em Artes Visuais: Pintura, Gravura e Escultura (Universidade Belas Artes) [&hellip;]<\/p>\n","protected":false},"author":4,"featured_media":0,"comment_status":"closed","ping_status":"closed","sticky":false,"template":"","format":"standard","meta":{"footnotes":""},"categories":[6],"tags":[],"class_list":["post-23","post","type-post","status-publish","hentry","category-metades"],"_links":{"self":[{"href":"https:\/\/extremidades.art\/x\/meioameio\/wp-json\/wp\/v2\/posts\/23","targetHints":{"allow":["GET"]}}],"collection":[{"href":"https:\/\/extremidades.art\/x\/meioameio\/wp-json\/wp\/v2\/posts"}],"about":[{"href":"https:\/\/extremidades.art\/x\/meioameio\/wp-json\/wp\/v2\/types\/post"}],"author":[{"embeddable":true,"href":"https:\/\/extremidades.art\/x\/meioameio\/wp-json\/wp\/v2\/users\/4"}],"replies":[{"embeddable":true,"href":"https:\/\/extremidades.art\/x\/meioameio\/wp-json\/wp\/v2\/comments?post=23"}],"version-history":[{"count":17,"href":"https:\/\/extremidades.art\/x\/meioameio\/wp-json\/wp\/v2\/posts\/23\/revisions"}],"predecessor-version":[{"id":453,"href":"https:\/\/extremidades.art\/x\/meioameio\/wp-json\/wp\/v2\/posts\/23\/revisions\/453"}],"wp:attachment":[{"href":"https:\/\/extremidades.art\/x\/meioameio\/wp-json\/wp\/v2\/media?parent=23"}],"wp:term":[{"taxonomy":"category","embeddable":true,"href":"https:\/\/extremidades.art\/x\/meioameio\/wp-json\/wp\/v2\/categories?post=23"},{"taxonomy":"post_tag","embeddable":true,"href":"https:\/\/extremidades.art\/x\/meioameio\/wp-json\/wp\/v2\/tags?post=23"}],"curies":[{"name":"wp","href":"https:\/\/api.w.org\/{rel}","templated":true}]}}