{"id":64,"date":"2023-12-22T14:40:00","date_gmt":"2023-12-22T17:40:00","guid":{"rendered":"http:\/\/extremidades.art\/x\/malkaborenstein\/?p=64"},"modified":"2023-12-22T16:05:10","modified_gmt":"2023-12-22T19:05:10","slug":"residencia-artistica","status":"publish","type":"post","link":"https:\/\/extremidades.art\/x\/malkaborenstein\/2023\/12\/22\/residencia-artistica\/","title":{"rendered":"ATO 3 (2021)"},"content":{"rendered":"\n<figure class=\"wp-block-image size-large\"><img loading=\"lazy\" decoding=\"async\" width=\"1024\" height=\"576\" src=\"https:\/\/extremidades.art\/x\/malkaborenstein\/wp-content\/uploads\/sites\/20\/2021\/05\/image-1-1024x576.png\" alt=\"\" class=\"wp-image-258\" srcset=\"https:\/\/extremidades.art\/x\/malkaborenstein\/wp-content\/uploads\/sites\/20\/2021\/05\/image-1-1024x576.png 1024w, https:\/\/extremidades.art\/x\/malkaborenstein\/wp-content\/uploads\/sites\/20\/2021\/05\/image-1-300x169.png 300w, https:\/\/extremidades.art\/x\/malkaborenstein\/wp-content\/uploads\/sites\/20\/2021\/05\/image-1-768x432.png 768w, https:\/\/extremidades.art\/x\/malkaborenstein\/wp-content\/uploads\/sites\/20\/2021\/05\/image-1-1536x864.png 1536w, https:\/\/extremidades.art\/x\/malkaborenstein\/wp-content\/uploads\/sites\/20\/2021\/05\/image-1.png 1920w\" sizes=\"auto, (max-width: 1024px) 100vw, 1024px\" \/><\/figure>\n\n\n\n<h5 class=\"wp-block-heading\">Imagem de Fernanda Mie Kimura<\/h5>\n\n\n<div class=\"single-content single-content__text\">\n<div class=\"wp-block-group\"><div class=\"wp-block-group__inner-container is-layout-flow wp-block-group-is-layout-flow\">\n<h4 class=\"wp-block-heading\" style=\"font-size:22px\"><br><br>Uma resid\u00eancia art\u00edstica tem, por defini\u00e7\u00e3o, o deslocamento a lugares para a cria\u00e7\u00e3o de processos criativos. Como viabilizar, num ambiente virtual, a reformula\u00e7\u00e3o de encontros que potencializem e atualizem experi\u00eancias an\u00e1logas \u00e0s proporcionadas por uma resid\u00eancia presencial, atendendo \u00e0s limita\u00e7\u00f5es do cen\u00e1rio atual? Participar do evento Lab-eXtremidades, coordenado por Christine Mello e Larissa Macedo, foi uma experi\u00eancia motivadora para o acontecimento urgente da resid\u00eancia que aconteceu durante os dias 03 a 07 de maio de 2021, concomitante ao processo da pesquisa.<br><br>As artistas participaram generosamente de forma colaborativa e o ambiente acolhedor e informal foi sendo constru\u00eddo por todas, que compartilhando seus processos, projetos, pensamentos e intimidades, desenharam juntas a maneira que a resid\u00eancia foi acontecendo, com base na programa\u00e7\u00e3o sugerida.<br><br>Dessa forma, partindo da constru\u00e7\u00e3o colaborativa de todas, foram se pronunciando as urg\u00eancias pessoais e coletivas discutidas durante os encontros, compondo assim, um ambiente de trocas e afetos numa plataforma online sob uma nova est\u00e9tica &#8211; uma ferramenta de produ\u00e7\u00e3o de conhecimento.<\/h4>\n<\/div>\n<\/div><\/div>\n\n\n<h3 class=\"has-black-color has-text-color wp-block-heading\"><strong><br><br>Primeiro dia (03\/05)<\/strong><\/h3>\n\n\n\n<h4 class=\"has-black-color has-text-color wp-block-heading\">No primeiro encontro foram feitas as apresenta\u00e7\u00f5es das participantes e da Resid\u00eancia, al\u00e9m de abordar as expectativas e quest\u00f5es de cada uma em rela\u00e7\u00e3o ao evento.<\/h4>\n\n\n\n<figure class=\"wp-block-image size-large\"><img loading=\"lazy\" decoding=\"async\" width=\"1024\" height=\"429\" src=\"https:\/\/extremidades.art\/x\/malkaborenstein\/wp-content\/uploads\/sites\/20\/2021\/08\/03.05-foto-2-1024x429.jpeg\" alt=\"\" class=\"wp-image-362\" srcset=\"https:\/\/extremidades.art\/x\/malkaborenstein\/wp-content\/uploads\/sites\/20\/2021\/08\/03.05-foto-2-1024x429.jpeg 1024w, https:\/\/extremidades.art\/x\/malkaborenstein\/wp-content\/uploads\/sites\/20\/2021\/08\/03.05-foto-2-300x126.jpeg 300w, https:\/\/extremidades.art\/x\/malkaborenstein\/wp-content\/uploads\/sites\/20\/2021\/08\/03.05-foto-2-768x322.jpeg 768w, https:\/\/extremidades.art\/x\/malkaborenstein\/wp-content\/uploads\/sites\/20\/2021\/08\/03.05-foto-2.jpeg 1280w\" sizes=\"auto, (max-width: 1024px) 100vw, 1024px\" \/><\/figure>\n\n\n\n<h3 class=\"wp-block-heading\"><strong><br>Segundo dia (04\/05)<\/strong><\/h3>\n\n\n\n<h4 class=\"wp-block-heading\">A materialidade e imaterialidade foram os principais assuntos do segundo dia de Resid\u00eancia, discutindo o toque &#8211; as m\u00e3os, a po\u00e9tica da manualidade, o contato e o tato &#8211; e o cheiro &#8211; a alquimia mental -, causando assim, ativa\u00e7\u00f5es das experi\u00eancias pessoais e das mem\u00f3rias que eram acionadas em cada uma a partir do cheiro.<\/h4>\n\n\n\n<figure class=\"wp-block-image size-large is-resized\"><img loading=\"lazy\" decoding=\"async\" src=\"http:\/\/extremidades.art\/x\/malkaborenstein\/wp-content\/uploads\/sites\/20\/2021\/03\/04.05-foto-e1620940626744.png\" alt=\"\" class=\"wp-image-154\" width=\"962\" height=\"405\" srcset=\"https:\/\/extremidades.art\/x\/malkaborenstein\/wp-content\/uploads\/sites\/20\/2021\/03\/04.05-foto-e1620940626744.png 548w, https:\/\/extremidades.art\/x\/malkaborenstein\/wp-content\/uploads\/sites\/20\/2021\/03\/04.05-foto-e1620940626744-300x126.png 300w\" sizes=\"auto, (max-width: 962px) 100vw, 962px\" \/><\/figure>\n\n\n\n<h3 class=\"wp-block-heading\"><strong><br>Terceiro dia (05\/05)<\/strong><\/h3>\n\n\n\n<h4 class=\"wp-block-heading\">Durante o terceiro dia de Resid\u00eancia, a artista e dan\u00e7arina Ayeska Ariza, que trabalha com o corpo e d\u00e1 aulas de consci\u00eancia corporal e autocuidado, proporcionou alguns exerc\u00edcios envolvendo o corpo, respira\u00e7\u00e3o e relaxamento, criando e trazendo o pensamento do movimento no agora, convidando todas as participantes \u00e0 experimentar as formas e potencialidades de cada corpo. Ap\u00f3s este encontro, as participantes puderam compartilhar as experi\u00eancias e sensa\u00e7\u00f5es que tiveram ao longo dos exerc\u00edcios.<\/h4>\n\n\n\n<figure class=\"wp-block-gallery columns-2 is-cropped wp-block-gallery-1 is-layout-flex wp-block-gallery-is-layout-flex\"><ul class=\"blocks-gallery-grid\"><li class=\"blocks-gallery-item\"><figure><img loading=\"lazy\" decoding=\"async\" width=\"1024\" height=\"577\" src=\"http:\/\/extremidades.art\/x\/malkaborenstein\/wp-content\/uploads\/sites\/20\/2021\/03\/RESIDENCIA-2-1024x577.png\" alt=\"\" data-id=\"358\" data-full-url=\"http:\/\/extremidades.art\/x\/malkaborenstein\/wp-content\/uploads\/sites\/20\/2021\/03\/RESIDENCIA-2.png\" data-link=\"https:\/\/extremidades.art\/x\/malkaborenstein\/2021\/03\/22\/residencia-artistica\/residencia-2\/\" class=\"wp-image-358\" srcset=\"https:\/\/extremidades.art\/x\/malkaborenstein\/wp-content\/uploads\/sites\/20\/2021\/03\/RESIDENCIA-2-1024x577.png 1024w, https:\/\/extremidades.art\/x\/malkaborenstein\/wp-content\/uploads\/sites\/20\/2021\/03\/RESIDENCIA-2-300x169.png 300w, https:\/\/extremidades.art\/x\/malkaborenstein\/wp-content\/uploads\/sites\/20\/2021\/03\/RESIDENCIA-2-768x433.png 768w, https:\/\/extremidades.art\/x\/malkaborenstein\/wp-content\/uploads\/sites\/20\/2021\/03\/RESIDENCIA-2-1536x865.png 1536w, https:\/\/extremidades.art\/x\/malkaborenstein\/wp-content\/uploads\/sites\/20\/2021\/03\/RESIDENCIA-2.png 1949w\" sizes=\"auto, (max-width: 1024px) 100vw, 1024px\" \/><\/figure><\/li><li class=\"blocks-gallery-item\"><figure><img loading=\"lazy\" decoding=\"async\" width=\"462\" height=\"263\" src=\"http:\/\/extremidades.art\/x\/malkaborenstein\/wp-content\/uploads\/sites\/20\/2021\/03\/05.05-imagem.png\" alt=\"\" data-id=\"156\" data-full-url=\"http:\/\/extremidades.art\/x\/malkaborenstein\/wp-content\/uploads\/sites\/20\/2021\/03\/05.05-imagem.png\" data-link=\"https:\/\/extremidades.art\/x\/malkaborenstein\/2021\/03\/22\/residencia-artistica\/05-05-imagem\/\" class=\"wp-image-156\" srcset=\"https:\/\/extremidades.art\/x\/malkaborenstein\/wp-content\/uploads\/sites\/20\/2021\/03\/05.05-imagem.png 462w, https:\/\/extremidades.art\/x\/malkaborenstein\/wp-content\/uploads\/sites\/20\/2021\/03\/05.05-imagem-300x171.png 300w\" sizes=\"auto, (max-width: 462px) 100vw, 462px\" \/><\/figure><\/li><\/ul><\/figure>\n\n\n\n<h3 class=\"wp-block-heading\"><strong><br>Quarto dia (06\/05)<\/strong><\/h3>\n\n\n\n<h4 class=\"wp-block-heading\">Assuntos da atualidade foram trazidos no quarto dia, viabilizando uma discuss\u00e3o sobre a educa\u00e7\u00e3o, a pol\u00edtica e a sociedade, al\u00e9m da sua base estrutural, ou seja, a forma e sob quais ideologias em que esta foi criada, nela inclu\u00eddo o racismo e machismo. Quest\u00f5es de identidade e pertencimento tamb\u00e9m foram levantadas, bem como das condi\u00e7\u00f5es psicol\u00f3gicas e suas poss\u00edveis consequ\u00eancias.<\/h4>\n\n\n\n<figure class=\"wp-block-image size-large is-resized\"><img loading=\"lazy\" decoding=\"async\" src=\"http:\/\/extremidades.art\/x\/malkaborenstein\/wp-content\/uploads\/sites\/20\/2021\/03\/06.05-2.jpeg\" alt=\"\" class=\"wp-image-165\" width=\"962\" height=\"549\" srcset=\"https:\/\/extremidades.art\/x\/malkaborenstein\/wp-content\/uploads\/sites\/20\/2021\/03\/06.05-2.jpeg 964w, https:\/\/extremidades.art\/x\/malkaborenstein\/wp-content\/uploads\/sites\/20\/2021\/03\/06.05-2-300x171.jpeg 300w, https:\/\/extremidades.art\/x\/malkaborenstein\/wp-content\/uploads\/sites\/20\/2021\/03\/06.05-2-768x437.jpeg 768w\" sizes=\"auto, (max-width: 962px) 100vw, 962px\" \/><\/figure>\n\n\n\n<h3 class=\"wp-block-heading\"><strong><br>Quinto dia (07\/05)<\/strong><\/h3>\n\n\n\n<h4 class=\"wp-block-heading\">O \u00faltimo encontro trouxe um dos temas mais emergentes do mundo atual: a nova realidade digital e pand\u00eamica que estamos vivendo por conta da COVID-19. De que forma isso nos afeta? Como estar presente neste novo ambiente? E o que \u00e9 estar presente neste contexto de pandemia? Como a arte reage em rela\u00e7\u00e3o a isso?<strong><br><\/strong>Foram discutidas tamb\u00e9m quest\u00f5es do \u00edntimo e do privado, que de certa forma, se torna um tanta coletivo a partir do momento que permitimos a entrada &#8211; em nossa casa e quartos &#8211;  de todas as pessoas durante uma reuni\u00e3o de <em>Zoom<\/em> &#8211; um novo lugar de intimidade -, al\u00e9m da maneira como cada um est\u00e1 lidando com a pandemia e quais as consequ\u00eancias delas no \u00e2mbito psicol\u00f3gico, f\u00edsico, sentimental, criativo e art\u00edstico.<\/h4>\n\n\n\n<figure class=\"wp-block-image size-large\"><img loading=\"lazy\" decoding=\"async\" width=\"963\" height=\"545\" src=\"http:\/\/extremidades.art\/x\/malkaborenstein\/wp-content\/uploads\/sites\/20\/2021\/03\/07.07-2.jpeg\" alt=\"\" class=\"wp-image-167\" srcset=\"https:\/\/extremidades.art\/x\/malkaborenstein\/wp-content\/uploads\/sites\/20\/2021\/03\/07.07-2.jpeg 963w, https:\/\/extremidades.art\/x\/malkaborenstein\/wp-content\/uploads\/sites\/20\/2021\/03\/07.07-2-300x170.jpeg 300w, https:\/\/extremidades.art\/x\/malkaborenstein\/wp-content\/uploads\/sites\/20\/2021\/03\/07.07-2-768x435.jpeg 768w\" sizes=\"auto, (max-width: 963px) 100vw, 963px\" \/><\/figure>\n\n\n\n<h3 class=\"wp-block-heading\"><strong><br>Artistas participantes<\/strong><\/h3>\n\n\n\n<h5 class=\"wp-block-heading\"><strong><br>Malka Borenstein<\/strong><\/h5>\n\n\n\n<h5 class=\"wp-block-heading\">Malka Borenstein (1967, Mogi das Cruzes, S\u00e3o Paulo) \u00e9 artista, dedica-se a pintura, performance e instala\u00e7\u00f5es. Possui bacharelado em Administra\u00e7\u00e3o e P\u00f3s-Gradua\u00e7\u00e3o em Pr\u00e1ticas Contempor\u00e2neas. Atualmente mestranda na PUC-SP, no curso de Comunica\u00e7\u00e3o e Semi\u00f3tica, na \u00e1rea de concentra\u00e7\u00e3o: Signo e Significa\u00e7\u00e3o nos Processos Comunicacionais, sob orienta\u00e7\u00e3o da Professora Christine Mello. Com a pesquisa interdisciplinar entre Comunica\u00e7\u00e3o e Arte, busca reflex\u00f5es que partem dos regimes de sentido presen\u00e7a, e do compartilhamento a partir de viv\u00eancias processuais e culturais. \u00c9 membro do Grupo de Pesquisa Extremidades: redes audiovisuais, cinema, performance e arte contempor\u00e2nea, coordenado por Christine Mello e Larissa Mac\u00eado e \u00e9 integrante do Lab-eXtremidades, do qual busca fomentar processos de ativa\u00e7\u00e3o de estudos, oficinas e encontros abertos ao p\u00fablico.<\/h5>\n\n\n\n<h5 class=\"wp-block-heading\"><strong><br>Andrea Barcelos<\/strong><\/h5>\n\n\n\n<h5 class=\"wp-block-heading\">Andrea Barcelos \u00e9 uma arquiteta urbanista que transita entre obras de arte e engenharia. Realizou trabalhos em arquitetura ef\u00eamera com instala\u00e7\u00f5es pneum\u00e1ticas na cidade de S\u00e3o Paulo: na Av. Paulista, no Parque do Anhangaba\u00fa e Cidade Universit\u00e1ria. Elabora oficinas de produ\u00e7\u00e3o de infl\u00e1veis para transmitir conceitos b\u00e1sicos da produ\u00e7\u00e3o arquitet\u00f4nica atrav\u00e9s da experi\u00eancia criativa. Produz croquis, aquarelas, storyboards, modelagem 3D m desenho vetorial e narrativas gr\u00e1ficas.<\/h5>\n\n\n\n<h5 class=\"wp-block-heading\"><strong><br>Fernanda Bittencourt<\/strong><\/h5>\n\n\n\n<h5 class=\"wp-block-heading\"><span style=\"font-weight: 400\">Fernanda Bittencourt, 20 anos, aluna de Artes Visuais na FAAP. Considero minha produ\u00e7\u00e3o muito ligada \u00e0 pol\u00edtica e atualmente minha pesquisa est\u00e1 mais direcionada a assuntos como colorismo e TOC (Transtorno Obsessivo-Compulsivo).<\/span><\/h5>\n\n\n\n<h5 class=\"wp-block-heading\"><strong><br>Fernanda Chieco<\/strong><\/h5>\n\n\n\n<h5 class=\"wp-block-heading\"><strong><br>Fernanda Mie Kimura<\/strong><\/h5>\n\n\n\n<h5 class=\"wp-block-heading\">Fernanda Mie Kimura (2000, S\u00e3o Paulo &#8211; SP) \u00e9 artista e atualmente est\u00e1 cursando Bacharelado em Artes Visuais na Funda\u00e7\u00e3o Armando Alvares Penteado (FAAP). Busca experimentar as diversas linguagens art\u00edsticas, ampliar e desenvolver conhecimento e investiga\u00e7\u00f5es para com seus trabalhos.<br>Por meio de suas pesquisas e reflex\u00f5es explora suas experi\u00eancias pessoais, como as suas quest\u00f5es psicol\u00f3gicas e o racismo amarelo, que \u00e9 o seu foco principal atual. A linguagem fotogr\u00e1fica, t\u00eaxtil, perform\u00e1tica, de escultura, pintura e desenho, al\u00e9m da sua execu\u00e7\u00e3o, s\u00e3o formas de tradu\u00e7\u00e3o dos seus interesses individuais, mas os desenvolvendo e costurando ao coletivo.<\/h5>\n\n\n\n<h5 class=\"wp-block-heading\"><strong><br>Helo\u00edsa Franco<\/strong><\/h5>\n\n\n\n<h5 class=\"wp-block-heading\"><span style=\"font-weight: 400\">Heloisa Franco, 24 anos, vive e trabalho em S\u00e3o Paulo. Em 2018 me formei como bacharel em artes visuais na Funda\u00e7\u00e3o Armando \u00c1lvares Penteado (FAAP).Trabalho com pintura desde 2016 e procuro imagens que morem nos corpos, incluindo o meu pr\u00f3prio corpo. Tento pintar coisas que existam e transitem por debaixo de dois terrenos: a abstra\u00e7\u00e3o e a figura\u00e7\u00e3o.<\/span><\/h5>\n\n\n\n<h5 class=\"wp-block-heading\"><strong><br>Isabella Vatavuk<\/strong><\/h5>\n\n\n\n<h5 class=\"wp-block-heading\"><span style=\"font-weight: 400\">Isabela Vatavuk (2001) \u00e9 formanda em Artes Visuais pela FAAP, com interesse que trafega entre objetos, videoarte e obras digitais. Atualmente integra o coletivo alterquia, focado em cria\u00e7\u00f5es e forma\u00e7\u00e3o de p\u00fablico em arte contempor\u00e2nea, tendo j\u00e1 desenvolvido projetos em cidades como S\u00e3o Paulo, Rio de Janeiro, Recife e Curitiba.<\/span><\/h5>\n\n\n\n<h5 class=\"wp-block-heading\"><strong><br>Isabelle Passos<\/strong><\/h5>\n\n\n\n<h5 class=\"wp-block-heading\"><span style=\"font-weight: 400\">Isabelle Passos de Jesus, 24 anos e mantem ateli\u00ea e resid\u00eancia em S\u00e3o Paulo. Formada em Licenciatura em Artes Visuais pela Funda\u00e7\u00e3o Armando Alvares Penteado desde 2018. Trabalho com desenho e pesquiso constru\u00e7\u00e3o de narrativas e hist\u00f3rias como cria\u00e7\u00e3o de tramas que podemos manusear.<\/span><\/h5>\n\n\n\n<h5 class=\"wp-block-heading\"><strong><br>Juliana Murbach<\/strong><\/h5>\n\n\n\n<h5 class=\"wp-block-heading\">Juliana Cristina Murbach Janu\u00e1rio, 19 anos, cursando gradua\u00e7\u00e3o de Bacharelado em Artes Visuais na FAAP desde 2019. Minha pesquisa mais latente tem como assunto, mat\u00e9ria e meio, o meu corpo e suas afeta\u00e7\u00f5es em rela\u00e7\u00e3o ao Eu e ao Social.<strong><br><\/strong>Muito do que fiz at\u00e9 o momento entendo como in\u00edcio para um processo, pessoalmente acho que arte \u00e9 isso, nunca de fato o trabalho est\u00e1 terminado e vai estar em constante soma al\u00e9m de poss\u00edvel ressignifica\u00e7\u00e3o. O p\u00fablico\/coletivo tem uma import\u00e2ncia muito grande pra mim, entendendo que ele tem influ\u00eancia em como uma performance e ou a\u00e7\u00e3o se discorre e sobre o que que vai nos conectar.<\/h5>\n\n\n\n<h5 class=\"wp-block-heading\"><strong><br>Karola Braga<\/strong><\/h5>\n\n\n\n<h5 class=\"wp-block-heading\">Karola Braga (1988, S\u00e3o Caetano do Sul, Brasil) \u00e9 Mestranda em Po\u00e9ticas Visuais pela Universidade de S\u00e3o Paulo (ECA\/USP) e Bacharel em Artes Pl\u00e1sticas pela Funda\u00e7\u00e3o Armando Alvares Penteado (FAAP).<strong><br><\/strong>Karola Braga (1988, S\u00e3o Caetano do Sul, Brasil) \u00e9 Mestranda em Po\u00e9ticas Visuais pela Universidade de S\u00e3o Paulo (ECA\/USP) e Bacharel em Artes Pl\u00e1sticas pela Funda\u00e7\u00e3o Armando Alvares Penteado (FAAP).<\/h5>\n\n\n\n<h5 class=\"wp-block-heading\"><strong><br>M\u00e1rcia Porto<\/strong><\/h5>\n\n\n\n<h5 class=\"wp-block-heading\">Opera no campo simb\u00f3lico. Explora a rela\u00e7\u00e3o entre literatura, fontes hist\u00f3ricas, alquimia, hist\u00f3rias pessoais e eventos atuais. Cria narrativas auto-ficcionais contaminadas por essas refer\u00eancias. As narrativas se desdobram em s\u00e9ries de desenhos onde a presen\u00e7a das Ginaiques, um grupo de mulheres simultaneamente auto-referenciais e estrangeiras, e que se comunicam atrav\u00e9s de longas tran\u00e7as, \u00e9 recorrente.<br>Entre a palavra e a cria\u00e7\u00e3o da imagem, interpreta ritualisticamente as cenas que aparecem. Dessas performances nascem os movimentos, os gestos e o tempo das composi\u00e7\u00f5es dos desenhos. Pensamentos multifacetados, os desenhos tamb\u00e9m s\u00e3o retrabalhados em pinturas, murais, instala\u00e7\u00f5es e performances, onde experimento estender as rela\u00e7\u00f5es espaciais e ritual\u00edsticas geradas nas narrativas atrav\u00e9s de opera\u00e7\u00f5es recorrentes.<\/h5>\n\n\n\n<h3 class=\"wp-block-heading\"><strong><br>Refer\u00eancias bibliogr\u00e1ficas<\/strong><\/h3>\n\n\n\n<h4 class=\"wp-block-heading\">\u201cA D\u00edvida Impag\u00e1vel\u201d, Denise Ferreira da Silva<\/h4>\n\n\n\n<h4 class=\"wp-block-heading\">\u201cBrevi\u00e1rio Sobre o Corpo\u201d, Lygia Clark<\/h4>\n\n\n\n<h4 class=\"wp-block-heading\">\u201cCaosmose\u201d, Felix Guatarri<\/h4>\n\n\n\n<h4 class=\"wp-block-heading\">\u201cCartas 1964-1974\u201d, Lygia Clark e Helio Oiticica<\/h4>\n\n\n\n<h4 class=\"wp-block-heading\">\u201cCartografia Sentimental\u201d, Suely Rolnik<\/h4>\n\n\n\n<h4 class=\"wp-block-heading\">\u201cExtremidades do V\u00eddeo\u201d, Christine Mello<\/h4>\n\n\n\n<h4 class=\"wp-block-heading\">\u201cGesto Inacabado\u201d, Cec\u00edlia Salles<\/h4>\n\n\n\n<h4 class=\"wp-block-heading\">\u201cO Corpo Ut\u00f3pico\u201d, Michael Foucault<\/h4>\n\n\n\n<h4 class=\"wp-block-heading\">\u201cO Segundo Sexo\u201d vol. 1, Simone de Beauvoir<\/h4>\n\n\n\n<h4 class=\"wp-block-heading\">\u201cO Segundo Sexo\u201d vol. 2, Simone de Beauvoir<\/h4>\n\n\n\n<h4 class=\"wp-block-heading\">\u201cUma Ins\u00f3lita Viagem \u00e0 Subjetividade: Fronteiras com a \u00c9tica e Cultura\u201d, Suely Rolnik<\/h4>\n","protected":false},"excerpt":{"rendered":"<p>Imagem de Fernanda Mie Kimura Uma resid\u00eancia art\u00edstica tem, por defini\u00e7\u00e3o, o deslocamento a lugares para a cria\u00e7\u00e3o de processos criativos. Como viabilizar, num ambiente virtual, a reformula\u00e7\u00e3o de encontros que potencializem e atualizem experi\u00eancias an\u00e1logas \u00e0s proporcionadas por uma resid\u00eancia presencial, atendendo \u00e0s limita\u00e7\u00f5es do cen\u00e1rio atual? Participar do evento Lab-eXtremidades, coordenado por Christine [&hellip;]<\/p>\n","protected":false},"author":22,"featured_media":0,"comment_status":"closed","ping_status":"closed","sticky":false,"template":"","format":"standard","meta":{"footnotes":""},"categories":[2],"tags":[],"class_list":["post-64","post","type-post","status-publish","hentry","category-residenciaarte"],"_links":{"self":[{"href":"https:\/\/extremidades.art\/x\/malkaborenstein\/wp-json\/wp\/v2\/posts\/64","targetHints":{"allow":["GET"]}}],"collection":[{"href":"https:\/\/extremidades.art\/x\/malkaborenstein\/wp-json\/wp\/v2\/posts"}],"about":[{"href":"https:\/\/extremidades.art\/x\/malkaborenstein\/wp-json\/wp\/v2\/types\/post"}],"author":[{"embeddable":true,"href":"https:\/\/extremidades.art\/x\/malkaborenstein\/wp-json\/wp\/v2\/users\/22"}],"replies":[{"embeddable":true,"href":"https:\/\/extremidades.art\/x\/malkaborenstein\/wp-json\/wp\/v2\/comments?post=64"}],"version-history":[{"count":80,"href":"https:\/\/extremidades.art\/x\/malkaborenstein\/wp-json\/wp\/v2\/posts\/64\/revisions"}],"predecessor-version":[{"id":566,"href":"https:\/\/extremidades.art\/x\/malkaborenstein\/wp-json\/wp\/v2\/posts\/64\/revisions\/566"}],"wp:attachment":[{"href":"https:\/\/extremidades.art\/x\/malkaborenstein\/wp-json\/wp\/v2\/media?parent=64"}],"wp:term":[{"taxonomy":"category","embeddable":true,"href":"https:\/\/extremidades.art\/x\/malkaborenstein\/wp-json\/wp\/v2\/categories?post=64"},{"taxonomy":"post_tag","embeddable":true,"href":"https:\/\/extremidades.art\/x\/malkaborenstein\/wp-json\/wp\/v2\/tags?post=64"}],"curies":[{"name":"wp","href":"https:\/\/api.w.org\/{rel}","templated":true}]}}