{"id":592,"date":"2021-03-22T16:23:57","date_gmt":"2021-03-22T19:23:57","guid":{"rendered":"https:\/\/extremidades.art\/x\/malkaborenstein\/?p=592"},"modified":"2023-12-22T16:40:29","modified_gmt":"2023-12-22T19:40:29","slug":"livro-objeto-2018","status":"publish","type":"post","link":"https:\/\/extremidades.art\/x\/malkaborenstein\/2021\/03\/22\/livro-objeto-2018\/","title":{"rendered":"LIVRO OBJETO (2018)"},"content":{"rendered":"\n<p>Um trabalho que se estrutura como um livro sensorial, instalativo e experimental, formado por p\u00e1ginas de diferentes materiais na dimens\u00e3o de meu pr\u00f3prio corpo, propondo extrapolar uma aprendizagem formal por meio de uma leitura tradicional. Nesse trabalho, o corpo \u00e9 objeto e a\u00e7\u00e3o, \u00e9 mat\u00e9ria pensante e produtora de conhecimentos outros, de viv\u00eancias, de experi\u00eancia de saberes do corpo. <\/p>\n\n\n\n<div style=\"height:50px\" aria-hidden=\"true\" class=\"wp-block-spacer\"><\/div>\n\n\n<div class=\"single-content single-content__text\">\n<div class=\"wp-block-group\"><div class=\"wp-block-group__inner-container is-layout-flow wp-block-group-is-layout-flow\">\n<div class=\"wp-block-image\"><figure class=\"aligncenter size-large is-resized\"><img loading=\"lazy\" decoding=\"async\" src=\"https:\/\/extremidades.art\/x\/malkaborenstein\/wp-content\/uploads\/sites\/20\/2023\/12\/1-2-1024x609.png\" alt=\"\" class=\"wp-image-596\" width=\"707\" height=\"420\" srcset=\"https:\/\/extremidades.art\/x\/malkaborenstein\/wp-content\/uploads\/sites\/20\/2023\/12\/1-2-1024x609.png 1024w, https:\/\/extremidades.art\/x\/malkaborenstein\/wp-content\/uploads\/sites\/20\/2023\/12\/1-2-300x178.png 300w, https:\/\/extremidades.art\/x\/malkaborenstein\/wp-content\/uploads\/sites\/20\/2023\/12\/1-2-768x457.png 768w, https:\/\/extremidades.art\/x\/malkaborenstein\/wp-content\/uploads\/sites\/20\/2023\/12\/1-2.png 1298w\" sizes=\"auto, (max-width: 707px) 100vw, 707px\" \/><figcaption>Projeto do Livro-objeto, 2017, Malka Borenstein.  Imagens: Gabriela Deleu <\/figcaption><\/figure><\/div>\n<\/div>\n<\/div><\/div>\n\n\n<div style=\"height:50px\" aria-hidden=\"true\" class=\"wp-block-spacer\"><\/div>\n\n\n\n<p>Com esse experimento, investigou-se as rela\u00e7\u00f5es criadas entre corpo, sujeito interator e espa\u00e7o em obras interativas, construindo uma instala\u00e7\u00e3o que convidasse o participante a estar presente e se sentir dispon\u00edvel a interagir e experimentar a obra. A inten\u00e7\u00e3o foi ativar o corpo n\u00e3o pelo conhecimento espec\u00edfico, pr\u00f3prio do circuito art\u00edstico, mas para qualquer corpo atravessado por tal experi\u00eancia e com a obra, em uma poss\u00edvel rela\u00e7\u00e3o individual com o objeto. Esse trabalho foi desenvolvido no programa de p\u00f3s-gradua\u00e7\u00e3o em pr\u00e1ticas contempor\u00e2neas da Faculdade Armando \u00c1lvares Penteado (FAAP) em 2018-2019.<\/p>\n\n\n\n<div style=\"height:100px\" aria-hidden=\"true\" class=\"wp-block-spacer\"><\/div>\n\n\n\n<div style=\"height:100px\" aria-hidden=\"true\" class=\"wp-block-spacer\"><\/div>\n\n\n\n<p><\/p>\n\n\n\n<p><\/p>\n\n\n\n<p><\/p>\n","protected":false},"excerpt":{"rendered":"<p>Um trabalho que se estrutura como um livro sensorial, instalativo e experimental, formado por p\u00e1ginas de diferentes materiais na dimens\u00e3o de meu pr\u00f3prio corpo, propondo extrapolar uma aprendizagem formal por meio de uma leitura tradicional. Nesse trabalho, o corpo \u00e9 objeto e a\u00e7\u00e3o, \u00e9 mat\u00e9ria pensante e produtora de conhecimentos outros, de viv\u00eancias, de experi\u00eancia [&hellip;]<\/p>\n","protected":false},"author":1,"featured_media":0,"comment_status":"closed","ping_status":"closed","sticky":false,"template":"","format":"standard","meta":{"footnotes":""},"categories":[3],"tags":[],"class_list":["post-592","post","type-post","status-publish","hentry","category-trabalhos"],"_links":{"self":[{"href":"https:\/\/extremidades.art\/x\/malkaborenstein\/wp-json\/wp\/v2\/posts\/592","targetHints":{"allow":["GET"]}}],"collection":[{"href":"https:\/\/extremidades.art\/x\/malkaborenstein\/wp-json\/wp\/v2\/posts"}],"about":[{"href":"https:\/\/extremidades.art\/x\/malkaborenstein\/wp-json\/wp\/v2\/types\/post"}],"author":[{"embeddable":true,"href":"https:\/\/extremidades.art\/x\/malkaborenstein\/wp-json\/wp\/v2\/users\/1"}],"replies":[{"embeddable":true,"href":"https:\/\/extremidades.art\/x\/malkaborenstein\/wp-json\/wp\/v2\/comments?post=592"}],"version-history":[{"count":7,"href":"https:\/\/extremidades.art\/x\/malkaborenstein\/wp-json\/wp\/v2\/posts\/592\/revisions"}],"predecessor-version":[{"id":604,"href":"https:\/\/extremidades.art\/x\/malkaborenstein\/wp-json\/wp\/v2\/posts\/592\/revisions\/604"}],"wp:attachment":[{"href":"https:\/\/extremidades.art\/x\/malkaborenstein\/wp-json\/wp\/v2\/media?parent=592"}],"wp:term":[{"taxonomy":"category","embeddable":true,"href":"https:\/\/extremidades.art\/x\/malkaborenstein\/wp-json\/wp\/v2\/categories?post=592"},{"taxonomy":"post_tag","embeddable":true,"href":"https:\/\/extremidades.art\/x\/malkaborenstein\/wp-json\/wp\/v2\/tags?post=592"}],"curies":[{"name":"wp","href":"https:\/\/api.w.org\/{rel}","templated":true}]}}