{"id":469,"date":"2022-09-28T12:40:26","date_gmt":"2022-09-28T15:40:26","guid":{"rendered":"https:\/\/extremidades.art\/x\/malkaborenstein\/?p=469"},"modified":"2023-12-22T16:08:32","modified_gmt":"2023-12-22T19:08:32","slug":"ato-1-vai-passar-instalacao-2019","status":"publish","type":"post","link":"https:\/\/extremidades.art\/x\/malkaborenstein\/2022\/09\/28\/ato-1-vai-passar-instalacao-2019\/","title":{"rendered":"ATO 1: VAI PASSAR &#8211; INSTALA\u00c7\u00c3O 2019"},"content":{"rendered":"\n<p class=\"has-text-align-left has-normal-font-size\">A <strong>instala\u00e7\u00e3o Vai Passar na Oficina Cultural Oswald de Andrade<\/strong> foi composta por um percurso linear que foi criado por uma estrutura de nove metros de comprimento com mais de dois metros de altura e aproximadamente dois metros de largura, com sete passagens de materiais diferentes cada uma. A instala\u00e7\u00e3o era aberta nas laterais e entre as passagens era poss\u00edvel atravessar sem uma ordem imposta.<br>Os materiais criavam uma certa resist\u00eancia pelas tramas que se entrela\u00e7aram do teto ao ch\u00e3o, e a partir da rela\u00e7\u00e3o sens\u00f3ria e gestual do contato do corpo com os materiais em contato, poderia potencializar faturas e tessituras para contribuir com a ativa\u00e7\u00e3o de mem\u00f3rias individuais dos participantes.<\/p>\n\n\n\n<p class=\"has-text-align-left has-normal-font-size\"><br>O p\u00fablico, ent\u00e3o, foi convidado a tatear os materiais que compunham as passagens para conseguir atravessar a instala\u00e7\u00e3o, um enfrentamento a muitas tramas que se desenharam em cada espa\u00e7o das passagens era necess\u00e1rio, um chamado \u00e0 presen\u00e7a do corpo e mente em sintonia com a experi\u00eancia relacional com a instala\u00e7\u00e3o. O atravessamento, para acontecer e envolver o espectador na camada da experi\u00eancia da instala\u00e7\u00e3o Vai Passar, precisava de uma consci\u00eancia por parte do participante, uma disponibilidade de tempo e aten\u00e7\u00e3o, ou seja, era esperado ativar um estado de presen\u00e7a durante a intera\u00e7\u00e3o com a obra. Assim, diante de tais defini\u00e7\u00f5es a proposta do trabalho era proporcionar uma experi\u00eancia est\u00e9tica, sensorial e individual a cada participante.<br><\/p>\n\n\n\n<div style=\"height:38px\" aria-hidden=\"true\" class=\"wp-block-spacer\"><\/div>\n\n\n\n<div class=\"wp-block-image\"><figure class=\"aligncenter size-full\"><img loading=\"lazy\" decoding=\"async\" width=\"1024\" height=\"768\" src=\"https:\/\/extremidades.art\/x\/malkaborenstein\/wp-content\/uploads\/sites\/20\/2022\/09\/1.jpg\" alt=\"\" class=\"wp-image-470\" srcset=\"https:\/\/extremidades.art\/x\/malkaborenstein\/wp-content\/uploads\/sites\/20\/2022\/09\/1.jpg 1024w, https:\/\/extremidades.art\/x\/malkaborenstein\/wp-content\/uploads\/sites\/20\/2022\/09\/1-300x225.jpg 300w, https:\/\/extremidades.art\/x\/malkaborenstein\/wp-content\/uploads\/sites\/20\/2022\/09\/1-768x576.jpg 768w\" sizes=\"auto, (max-width: 1024px) 100vw, 1024px\" \/><figcaption>Instala\u00e7\u00e3o Vai Passar, 2019, Malka Borenstein. Imagem: Malka Borenstein<\/figcaption><\/figure><\/div>\n\n\n\n<div style=\"height:33px\" aria-hidden=\"true\" class=\"wp-block-spacer\"><\/div>\n\n\n\n<p><\/p>\n\n\n\n<p class=\"has-normal-font-size\">Al\u00e9m da intera\u00e7\u00e3o do corpo com as passagens, foi disponibilizado como partda instala\u00e7\u00e3o um banco ao lado. Para os espectadores que n\u00e3o estavam dispon\u00edveis para a rela\u00e7\u00e3o do corpo com a obra, ficava um convite \u00e0 observa\u00e7\u00e3o, uma outra rela\u00e7\u00e3o com a obra e as passagens, um outro estado de presen\u00e7a, de sentar, descansar e observar. Se tornou uma rotina naquele espa\u00e7o, onde a instala\u00e7\u00e3o estava sempre ocupada por algum passante ou por algu\u00e9m que desejasse ficar e estar.<\/p>\n\n\n\n<p class=\"has-normal-font-size\"><br>A instala\u00e7\u00e3o era aberta por todo seu comprimento, com rampas de acessibilidade ao longo da instala\u00e7\u00e3o, oferecendo autonomia e liberdade para fazer o trajeto em sentido pela escolha do participante. E mesmo assim foi percebido, que as pessoas tinham uma mem\u00f3ria de padr\u00f5es de sentido, com imagens de s\u00edmbolos e signos de avisos de espa\u00e7o, e entravam na instala\u00e7\u00e3o como se fossem fazer uma performance de atividade f\u00edsica, esportiva com car\u00e1ter competitivo. Havia uma preocupa\u00e7\u00e3o com um tempo de dura\u00e7\u00e3o, como se fosse um padr\u00e3o entre os participantes, no sentido de determinar um in\u00edcio e um t\u00e9rmino, mesmo n\u00e3o tendo nenhum aviso escrito ou determinante de tal trajeto. Percebo assim, a possibilidade de trazer conceitos como estados de presen\u00e7a, constru\u00e7\u00e3o de subjetividades e mem\u00f3ria.<\/p>\n\n\n\n<div style=\"height:65px\" aria-hidden=\"true\" class=\"wp-block-spacer\"><\/div>\n\n\n\n<figure class=\"wp-block-gallery columns-3 is-cropped wp-block-gallery-1 is-layout-flex wp-block-gallery-is-layout-flex\"><ul class=\"blocks-gallery-grid\"><li class=\"blocks-gallery-item\"><figure><img loading=\"lazy\" decoding=\"async\" width=\"683\" height=\"1024\" src=\"https:\/\/extremidades.art\/x\/malkaborenstein\/wp-content\/uploads\/sites\/20\/2022\/09\/3-1-683x1024.jpg\" alt=\"\" data-id=\"472\" data-full-url=\"https:\/\/extremidades.art\/x\/malkaborenstein\/wp-content\/uploads\/sites\/20\/2022\/09\/3-1.jpg\" data-link=\"https:\/\/extremidades.art\/x\/malkaborenstein\/?attachment_id=472\" class=\"wp-image-472\" srcset=\"https:\/\/extremidades.art\/x\/malkaborenstein\/wp-content\/uploads\/sites\/20\/2022\/09\/3-1-683x1024.jpg 683w, https:\/\/extremidades.art\/x\/malkaborenstein\/wp-content\/uploads\/sites\/20\/2022\/09\/3-1-200x300.jpg 200w, https:\/\/extremidades.art\/x\/malkaborenstein\/wp-content\/uploads\/sites\/20\/2022\/09\/3-1-768x1152.jpg 768w, https:\/\/extremidades.art\/x\/malkaborenstein\/wp-content\/uploads\/sites\/20\/2022\/09\/3-1-1024x1536.jpg 1024w, https:\/\/extremidades.art\/x\/malkaborenstein\/wp-content\/uploads\/sites\/20\/2022\/09\/3-1.jpg 1334w\" sizes=\"auto, (max-width: 683px) 100vw, 683px\" \/><\/figure><\/li><li class=\"blocks-gallery-item\"><figure><img loading=\"lazy\" decoding=\"async\" width=\"1024\" height=\"768\" src=\"https:\/\/extremidades.art\/x\/malkaborenstein\/wp-content\/uploads\/sites\/20\/2022\/09\/4-1024x768.jpg\" alt=\"\" data-id=\"474\" data-full-url=\"https:\/\/extremidades.art\/x\/malkaborenstein\/wp-content\/uploads\/sites\/20\/2022\/09\/4.jpg\" data-link=\"https:\/\/extremidades.art\/x\/malkaborenstein\/2022\/09\/28\/ato-1-vai-passar-instalacao-2019\/attachment\/4\/\" class=\"wp-image-474\" srcset=\"https:\/\/extremidades.art\/x\/malkaborenstein\/wp-content\/uploads\/sites\/20\/2022\/09\/4-1024x768.jpg 1024w, https:\/\/extremidades.art\/x\/malkaborenstein\/wp-content\/uploads\/sites\/20\/2022\/09\/4-300x225.jpg 300w, https:\/\/extremidades.art\/x\/malkaborenstein\/wp-content\/uploads\/sites\/20\/2022\/09\/4-768x576.jpg 768w, https:\/\/extremidades.art\/x\/malkaborenstein\/wp-content\/uploads\/sites\/20\/2022\/09\/4-1536x1152.jpg 1536w, https:\/\/extremidades.art\/x\/malkaborenstein\/wp-content\/uploads\/sites\/20\/2022\/09\/4-2048x1536.jpg 2048w\" sizes=\"auto, (max-width: 1024px) 100vw, 1024px\" \/><\/figure><\/li><li class=\"blocks-gallery-item\"><figure><img loading=\"lazy\" decoding=\"async\" width=\"768\" height=\"1024\" src=\"https:\/\/extremidades.art\/x\/malkaborenstein\/wp-content\/uploads\/sites\/20\/2022\/09\/5-768x1024.jpg\" alt=\"\" data-id=\"475\" data-full-url=\"https:\/\/extremidades.art\/x\/malkaborenstein\/wp-content\/uploads\/sites\/20\/2022\/09\/5.jpg\" data-link=\"https:\/\/extremidades.art\/x\/malkaborenstein\/2022\/09\/28\/ato-1-vai-passar-instalacao-2019\/attachment\/5\/\" class=\"wp-image-475\" srcset=\"https:\/\/extremidades.art\/x\/malkaborenstein\/wp-content\/uploads\/sites\/20\/2022\/09\/5-768x1024.jpg 768w, https:\/\/extremidades.art\/x\/malkaborenstein\/wp-content\/uploads\/sites\/20\/2022\/09\/5-225x300.jpg 225w, https:\/\/extremidades.art\/x\/malkaborenstein\/wp-content\/uploads\/sites\/20\/2022\/09\/5-1152x1536.jpg 1152w, https:\/\/extremidades.art\/x\/malkaborenstein\/wp-content\/uploads\/sites\/20\/2022\/09\/5-1536x2048.jpg 1536w, https:\/\/extremidades.art\/x\/malkaborenstein\/wp-content\/uploads\/sites\/20\/2022\/09\/5.jpg 1875w\" sizes=\"auto, (max-width: 768px) 100vw, 768px\" \/><\/figure><\/li><\/ul><figcaption class=\"blocks-gallery-caption\">Instala\u00e7\u00e3o Vai Passar, 2019, Malka Borenstein. Imagens: Malka Borenstein e Sant\u00eddio Pereira<\/figcaption><\/figure>\n\n\n\n<div style=\"height:100px\" aria-hidden=\"true\" class=\"wp-block-spacer\"><\/div>\n\n\n\n<p><em><strong>VAI PASSAR<\/strong><\/em><\/p>\n\n\n\n<p><em><strong>Texto curatorial Marcio Harum<\/strong><\/em><\/p>\n\n\n\n<p><em>A instala\u00e7\u00e3o VAI PASSAR de Malka Borenstein, essa estrutura inteiri\u00e7a formada pelo atravessamento de sete espa\u00e7os diversos, \u00e9 um projeto voltado ao est\u00edmulo de sensa\u00e7\u00f5es corporais e imagens mentais. O trabalho convida o participante a ativar a consci\u00eancia de sua mem\u00f3ria, tal qual \u00e9 suscitada pelo contato f\u00edsico com o estranhamento de texturas e espessuras dos materiais: tecidos, fios, pl\u00e1stico e borracha. VAI PASSAR abre campo para que o corpo seja a superf\u00edcie sem fronteira da experi\u00eancia. Em visita\u00e7\u00e3o, o p\u00fablico decide, posto diante de si, como,e de que maneira, se relacionam com o desafio do enfrentamento atrav\u00e9s da passagem.&nbsp;<\/em><\/p>\n\n\n\n<p><em>A prop\u00f3sito, Malka concebeu a instala\u00e7\u00e3o inspirada em um livro de artista nas dimens\u00f5es da escala humana, para que, assim, as divis\u00f5es por \u00e1rea sejam ultrapassadas, rememorando algo que nos afete vivamente pelo sentido impresso da leitura de cap\u00edtulos de uma publica\u00e7\u00e3o em nossos corpos.<\/em><\/p>\n\n\n\n<p><em>Desde o in\u00edcio da trajet\u00f3ria da artista, o corpo tem sido o assunto principal na elabora\u00e7\u00e3o de suas pesquisas. Em sua produ\u00e7\u00e3o, a necessidade f\u00edsica de tatear, esbarrar no outro, tornar-se perme\u00e1vel, \u00e9 o que gera uma reflex\u00e3o acerca da capacidade de nos moldarmos, mas tamb\u00e9m de sairmos fora dos moldes. VAI PASSAR lida com a no\u00e7\u00e3o da dificuldade de resistirmos, e de n\u00e3o mais sobrevivermos isoladamente. Uma teia que evoca a possibilidade do corpo sem contorno de transformar-se em coletivo, mesmo quando assistimos apenas a passagem do outro.<\/em><\/p>\n\n\n\n<p><em>Com a instala\u00e7\u00e3o, a artista prop\u00f5e um percurso de a\u00e7\u00e3o, e de experimenta\u00e7\u00e3o espacial. E descobre agradecimentos palp\u00e1veis sob camadas de pele. VAI PASSAR \u00e9 indicado para qualquer corpo sens\u00edvel que se mova no espa\u00e7o.<\/em><\/p>\n\n\n\n<div style=\"height:100px\" aria-hidden=\"true\" class=\"wp-block-spacer\"><\/div>\n","protected":false},"excerpt":{"rendered":"<p>A instala\u00e7\u00e3o Vai Passar na Oficina Cultural Oswald de Andrade foi composta por um percurso linear que foi criado por uma estrutura de nove metros de comprimento com mais de dois metros de altura e aproximadamente dois metros de largura, com sete passagens de materiais diferentes cada uma. A instala\u00e7\u00e3o era aberta nas laterais e [&hellip;]<\/p>\n","protected":false},"author":1,"featured_media":0,"comment_status":"closed","ping_status":"closed","sticky":false,"template":"","format":"standard","meta":{"footnotes":""},"categories":[1],"tags":[],"class_list":["post-469","post","type-post","status-publish","hentry","category-atosvaipassar"],"_links":{"self":[{"href":"https:\/\/extremidades.art\/x\/malkaborenstein\/wp-json\/wp\/v2\/posts\/469","targetHints":{"allow":["GET"]}}],"collection":[{"href":"https:\/\/extremidades.art\/x\/malkaborenstein\/wp-json\/wp\/v2\/posts"}],"about":[{"href":"https:\/\/extremidades.art\/x\/malkaborenstein\/wp-json\/wp\/v2\/types\/post"}],"author":[{"embeddable":true,"href":"https:\/\/extremidades.art\/x\/malkaborenstein\/wp-json\/wp\/v2\/users\/1"}],"replies":[{"embeddable":true,"href":"https:\/\/extremidades.art\/x\/malkaborenstein\/wp-json\/wp\/v2\/comments?post=469"}],"version-history":[{"count":9,"href":"https:\/\/extremidades.art\/x\/malkaborenstein\/wp-json\/wp\/v2\/posts\/469\/revisions"}],"predecessor-version":[{"id":570,"href":"https:\/\/extremidades.art\/x\/malkaborenstein\/wp-json\/wp\/v2\/posts\/469\/revisions\/570"}],"wp:attachment":[{"href":"https:\/\/extremidades.art\/x\/malkaborenstein\/wp-json\/wp\/v2\/media?parent=469"}],"wp:term":[{"taxonomy":"category","embeddable":true,"href":"https:\/\/extremidades.art\/x\/malkaborenstein\/wp-json\/wp\/v2\/categories?post=469"},{"taxonomy":"post_tag","embeddable":true,"href":"https:\/\/extremidades.art\/x\/malkaborenstein\/wp-json\/wp\/v2\/tags?post=469"}],"curies":[{"name":"wp","href":"https:\/\/api.w.org\/{rel}","templated":true}]}}