{"id":413,"date":"2023-12-22T15:00:33","date_gmt":"2023-12-22T18:00:33","guid":{"rendered":"https:\/\/extremidades.art\/x\/malkaborenstein\/?p=413"},"modified":"2023-12-22T16:00:40","modified_gmt":"2023-12-22T19:00:40","slug":"ato-5","status":"publish","type":"post","link":"https:\/\/extremidades.art\/x\/malkaborenstein\/2023\/12\/22\/ato-5\/","title":{"rendered":"ATO 5 (2022)"},"content":{"rendered":"\n<p>A exposi\u00e7\u00e3o <strong><em>fluxos do eu: PROCESSOS<\/em> <\/strong>\u00e9 o desdobramento da resid\u00eancia-arte que aconteceu durante quatro meses na Oficina Cultural Oswald de Andrade,&nbsp; chamado aqui de ATO 5. \u00c9 uma exposi\u00e7\u00e3o de cinco artistas mulheres perif\u00e9ricas que foram selecionadas para participar da <em>Resid\u00eancia-Arte Vai Passar<\/em> por uma chamada p\u00fablica, com sele\u00e7\u00e3o de processos desenvolvidos durante a resid\u00eancia que teve o acompanhamento curatorial do coletivo MEIOAMEIO | Fernanda Oliveira e Paula Squaiella. Houveram encontros espec\u00edficos da curadoria com as artistas residentes dando a oportunidade da apresenta\u00e7\u00e3o da obra a ser exposta por cada artista. Foram dois encontros entre a curadoria e as artistas durante os quatro meses de resid\u00eancia, cada encontro teve tr\u00eas horas de dura\u00e7\u00e3o para discutir as propostas, ideias e resolu\u00e7\u00f5es para o projeto expositivo final.&nbsp;<\/p>\n\n\n\n<div style=\"height:46px\" aria-hidden=\"true\" class=\"wp-block-spacer\"><\/div>\n\n\n\n<figure class=\"wp-block-gallery columns-2 is-cropped wp-block-gallery-1 is-layout-flex wp-block-gallery-is-layout-flex\"><ul class=\"blocks-gallery-grid\"><li class=\"blocks-gallery-item\"><figure><img loading=\"lazy\" decoding=\"async\" width=\"1024\" height=\"768\" src=\"https:\/\/extremidades.art\/x\/malkaborenstein\/wp-content\/uploads\/sites\/20\/2022\/09\/WhatsApp-Image-2022-09-19-at-17.30.51-1-1024x768.jpeg\" alt=\"\" data-id=\"414\" data-full-url=\"https:\/\/extremidades.art\/x\/malkaborenstein\/wp-content\/uploads\/sites\/20\/2022\/09\/WhatsApp-Image-2022-09-19-at-17.30.51-1.jpeg\" data-link=\"https:\/\/extremidades.art\/x\/malkaborenstein\/?attachment_id=414\" class=\"wp-image-414\" srcset=\"https:\/\/extremidades.art\/x\/malkaborenstein\/wp-content\/uploads\/sites\/20\/2022\/09\/WhatsApp-Image-2022-09-19-at-17.30.51-1-1024x768.jpeg 1024w, https:\/\/extremidades.art\/x\/malkaborenstein\/wp-content\/uploads\/sites\/20\/2022\/09\/WhatsApp-Image-2022-09-19-at-17.30.51-1-300x225.jpeg 300w, https:\/\/extremidades.art\/x\/malkaborenstein\/wp-content\/uploads\/sites\/20\/2022\/09\/WhatsApp-Image-2022-09-19-at-17.30.51-1-768x576.jpeg 768w, https:\/\/extremidades.art\/x\/malkaborenstein\/wp-content\/uploads\/sites\/20\/2022\/09\/WhatsApp-Image-2022-09-19-at-17.30.51-1.jpeg 1280w\" sizes=\"auto, (max-width: 1024px) 100vw, 1024px\" \/><\/figure><\/li><li class=\"blocks-gallery-item\"><figure><img loading=\"lazy\" decoding=\"async\" width=\"1024\" height=\"768\" src=\"https:\/\/extremidades.art\/x\/malkaborenstein\/wp-content\/uploads\/sites\/20\/2022\/09\/WhatsApp-Image-2022-09-21-at-17.02.57-1024x768.jpeg\" alt=\"\" data-id=\"415\" data-full-url=\"https:\/\/extremidades.art\/x\/malkaborenstein\/wp-content\/uploads\/sites\/20\/2022\/09\/WhatsApp-Image-2022-09-21-at-17.02.57.jpeg\" data-link=\"https:\/\/extremidades.art\/x\/malkaborenstein\/?attachment_id=415\" class=\"wp-image-415\" srcset=\"https:\/\/extremidades.art\/x\/malkaborenstein\/wp-content\/uploads\/sites\/20\/2022\/09\/WhatsApp-Image-2022-09-21-at-17.02.57-1024x768.jpeg 1024w, https:\/\/extremidades.art\/x\/malkaborenstein\/wp-content\/uploads\/sites\/20\/2022\/09\/WhatsApp-Image-2022-09-21-at-17.02.57-300x225.jpeg 300w, https:\/\/extremidades.art\/x\/malkaborenstein\/wp-content\/uploads\/sites\/20\/2022\/09\/WhatsApp-Image-2022-09-21-at-17.02.57-768x576.jpeg 768w, https:\/\/extremidades.art\/x\/malkaborenstein\/wp-content\/uploads\/sites\/20\/2022\/09\/WhatsApp-Image-2022-09-21-at-17.02.57-1536x1152.jpeg 1536w, https:\/\/extremidades.art\/x\/malkaborenstein\/wp-content\/uploads\/sites\/20\/2022\/09\/WhatsApp-Image-2022-09-21-at-17.02.57.jpeg 1600w\" sizes=\"auto, (max-width: 1024px) 100vw, 1024px\" \/><\/figure><\/li><\/ul><figcaption class=\"blocks-gallery-caption\">Exposi\u00e7\u00e3o fluxos do eu: PROCESSOS resultado da Resid\u00eancia-arte Vai Passar na Oficina Cultural Oswald de Andrade, 2022, Malka Borenstein. Imagem: Fernanda Oliveira.<\/figcaption><\/figure>\n\n\n\n<div style=\"height:41px\" aria-hidden=\"true\" class=\"wp-block-spacer\"><\/div>\n\n\n\n<p><em><strong>fluxos do eu: PROCESSOS&nbsp;<\/strong><\/em><\/p>\n\n\n\n<p><em><strong>texto curatorial <a href=\"https:\/\/extremidades.art\/x\/meioameio\/\">MEIOAMEIO<\/a><\/strong><\/em><\/p>\n\n\n\n<p><em>Como desfecho do processo de Resid\u00eancia-Arte Vai Passar com proposi\u00e7\u00e3o da artista Malka Borenstein, apresentamos a exposi\u00e7\u00e3o fluxos do eu: PROCESSOS com obras desenvolvidas pelas artista Anna Carolina Bueno, B\u00e1rbara Serafim, Bia Rezende, Carolina Tiemi [ITZ\u00c1] e Kim Helena.&nbsp;<\/em><\/p>\n\n\n\n<p><em>Em um contexto pol\u00edtico onde as pautas sociais, identit\u00e1rias e religiosas s\u00e3o um fator de uni\u00e3o e de compartilhamento, a exposi\u00e7\u00e3o surge como um convite de intera\u00e7\u00e3o do espectador para com as obras e processos apresentados, propondo a reflex\u00e3o no que toca \u00e0 forma\u00e7\u00e3o do \u201ceu\u201d e suas particularidades.&nbsp;<\/em><\/p>\n\n\n\n<p><em>N\u00e3o somente \u00e9 papel do artista a inven\u00e7\u00e3o de outras formas de emancipa\u00e7\u00e3o do sujeito, mas tamb\u00e9m uma necessidade de produzir colis\u00f5es entre&nbsp; posicionamentos \u00e9ticos e est\u00e9ticos, aliados aos movimentos de contesta\u00e7\u00e3o, e a&nbsp; apresenta\u00e7\u00e3o de seus processos de forma\u00e7\u00e3o. Pensando neste aspecto e na insurg\u00eancia de m\u00faltiplas facetas que o sujeito contempor\u00e2neo exerce, em sua constitui\u00e7\u00e3o como indiv\u00edduo, as artistas apresentam suas caracter\u00edsticas mais intr\u00ednsecas e tornam o conjunto de obras mais complexo, potencializando as tem\u00e1ticas apresentadas.&nbsp;&nbsp;<\/em><\/p>\n\n\n\n<p><em>Para elucidar o trajeto da Resid\u00eancia-Arte Vai Passar, esta curadoria visa&nbsp; estruturar a narrativa de produ\u00e7\u00e3o de processos das cinco artistas selecionadas, trazendo \u00e0 tona os aspectos pessoais e identit\u00e1rios das mesmas ao longo da conviv\u00eancia de quatro meses nos espa\u00e7os da Oficina Cultural Oswald de Andrade.&nbsp;<\/em><\/p>\n\n\n\n<p><em>Anna Carolina Bueno traz em sua instala\u00e7\u00e3o m\u00faltiplas linguagens como: fotografia, v\u00eddeo, costura, paisagem sonora e esculturas; a fim de explicitar sua&nbsp; pesquisa, ligada ao seu processo de atravessamento, mem\u00f3ria e hist\u00f3ria do povo preto. A artista traz para a exposi\u00e7\u00e3o um convite imersivo para o espectador experienciar uma viv\u00eancia de sabedoria ancestral a partir de sua rela\u00e7\u00e3o pessoal com o candombl\u00e9.&nbsp;<\/em><\/p>\n\n\n\n<p><em>B\u00e1rbara Serafim traz em seu trabalho suas pr\u00e1ticas, pesquisas e experimenta\u00e7\u00f5es sobre o corpo, materialidade e espa\u00e7o. Suas obras transitam entre a produ\u00e7\u00e3o e a disponibilidade para venda de cart\u00f5es postais (registros fotogr\u00e1ficos de trabalhos e instala\u00e7\u00f5es realizados pela artista durante a resid\u00eancia) \u00e0 constru\u00e7\u00e3o da instala\u00e7\u00e3o \u201cJ\u00f3ia\u201d. Essa \u00faltima visa explorar as diagrama\u00e7\u00f5es poss\u00edveis no espa\u00e7o expositivo a partir de tens\u00f5es geradas entre um p\u00eandulo e a estrutura do centro cultural, refor\u00e7ando a troca e sua rela\u00e7\u00e3o com a arquitetura e espa\u00e7o da Oswald de Andrade.<\/em><\/p>\n\n\n\n<p><em>Bia Rezende traz inquieta\u00e7\u00f5es pessoais que orbitam em torno da sua experi\u00eancia de dois anos residindo na cidade de S\u00e3o Paulo. Ela explora o&nbsp; jogo entre a multiplicidade e as similaridades das experi\u00eancias dos sujeitos que habitam a cidade, disparando tais quest\u00f5es atrav\u00e9s da obra \u201cAfinal o que existe em SP?\u201d, composta por uma instala\u00e7\u00e3o imersiva, tr\u00eas telas e uma a\u00e7\u00e3o perform\u00e1tica onde coloca o corpo como tela, tomando como vetores disparadores de sua a\u00e7\u00e3o tr\u00eas palavras que a atravessam durante a resid\u00eancia \u201co corpo, a culpa e o espa\u00e7o\u201d.<\/em><\/p>\n\n\n\n<p><em>Carolina Tiemi [ITZ\u00c1], disparada por uma investiga\u00e7\u00e3o caminhante nos arredores da Oficina Cultural Oswald de Andrade, a artista produzir\u00e1 um mural invocando os gestos das performances do shodo japon\u00eas (caminho da caligrafia e da escrita). As performances, abertas ao p\u00fablico, a serem realizadas durante a exposi\u00e7\u00e3o Vai Passar, consistem em um processo de busca de mem\u00f3rias familiares da artista e a impossibilidade de costurar as descontinuidades ancestrais. Para al\u00e9m da performance a artista ocupa o espa\u00e7o da oficina com uma s\u00e9rie de interven\u00e7\u00f5es que consistem em uma arqueologia po\u00e9tica reversa, com a inser\u00e7\u00e3o de oito pequenos dentes de cer\u00e2mica em frestas, buracos e ru\u00ednas nos espa\u00e7os da Oswald. Os dentes ser\u00e3o esculpidos e assinalados em s\u00e9rie, partindo do depoimento de pessoas que foram atravessadas por mem\u00f3rias, sonhos ou fatos relacionados \u00e0 arcada dent\u00e1ria e o campo de significados que mobiliza.&nbsp;<\/em><\/p>\n\n\n\n<p><em>Kim Helena traz em sua obra as mem\u00f3rias e ressignifica\u00e7\u00f5es do seu&nbsp; processo de transi\u00e7\u00e3o de g\u00eanero, trazendo a pot\u00eancia de sua imagem como representa\u00e7\u00e3o de resist\u00eancia. A artista parte da ideia de que cada processo pessoal e \u00fanico de transi\u00e7\u00e3o nos coloca num lugar de extrema sensibilidade e entrega,&nbsp; trazendo questionamentos de identidade e aceita\u00e7\u00e3o para com o processo de desenvolvimento e transforma\u00e7\u00e3o.&nbsp;<\/em><\/p>\n\n\n\n<p><em>A exposi\u00e7\u00e3o fluxos do eu: PROCESSOS ocupar\u00e1 o espa\u00e7o de conviv\u00eancia do pr\u00e9dio principal da Oficina Cultural Oswald de Andrade, com obras que atravessam as barreiras da linguagem com um conjunto de pinturas, desenhos, v\u00eddeos, \u00e1udios e performances que se hibridizam dentro de um ambiente coletivo.&nbsp;<\/em><\/p>\n\n\n\n<div style=\"height:100px\" aria-hidden=\"true\" class=\"wp-block-spacer\"><\/div>\n","protected":false},"excerpt":{"rendered":"<p>A exposi\u00e7\u00e3o fluxos do eu: PROCESSOS \u00e9 o desdobramento da resid\u00eancia-arte que aconteceu durante quatro meses na Oficina Cultural Oswald de Andrade,&nbsp; chamado aqui de ATO 5. \u00c9 uma exposi\u00e7\u00e3o de cinco artistas mulheres perif\u00e9ricas que foram selecionadas para participar da Resid\u00eancia-Arte Vai Passar por uma chamada p\u00fablica, com sele\u00e7\u00e3o de processos desenvolvidos durante a [&hellip;]<\/p>\n","protected":false},"author":1,"featured_media":0,"comment_status":"closed","ping_status":"closed","sticky":false,"template":"","format":"standard","meta":{"footnotes":""},"categories":[2],"tags":[],"class_list":["post-413","post","type-post","status-publish","hentry","category-residenciaarte"],"_links":{"self":[{"href":"https:\/\/extremidades.art\/x\/malkaborenstein\/wp-json\/wp\/v2\/posts\/413","targetHints":{"allow":["GET"]}}],"collection":[{"href":"https:\/\/extremidades.art\/x\/malkaborenstein\/wp-json\/wp\/v2\/posts"}],"about":[{"href":"https:\/\/extremidades.art\/x\/malkaborenstein\/wp-json\/wp\/v2\/types\/post"}],"author":[{"embeddable":true,"href":"https:\/\/extremidades.art\/x\/malkaborenstein\/wp-json\/wp\/v2\/users\/1"}],"replies":[{"embeddable":true,"href":"https:\/\/extremidades.art\/x\/malkaborenstein\/wp-json\/wp\/v2\/comments?post=413"}],"version-history":[{"count":20,"href":"https:\/\/extremidades.art\/x\/malkaborenstein\/wp-json\/wp\/v2\/posts\/413\/revisions"}],"predecessor-version":[{"id":563,"href":"https:\/\/extremidades.art\/x\/malkaborenstein\/wp-json\/wp\/v2\/posts\/413\/revisions\/563"}],"wp:attachment":[{"href":"https:\/\/extremidades.art\/x\/malkaborenstein\/wp-json\/wp\/v2\/media?parent=413"}],"wp:term":[{"taxonomy":"category","embeddable":true,"href":"https:\/\/extremidades.art\/x\/malkaborenstein\/wp-json\/wp\/v2\/categories?post=413"},{"taxonomy":"post_tag","embeddable":true,"href":"https:\/\/extremidades.art\/x\/malkaborenstein\/wp-json\/wp\/v2\/tags?post=413"}],"curies":[{"name":"wp","href":"https:\/\/api.w.org\/{rel}","templated":true}]}}