{"id":390,"date":"2023-12-22T15:10:54","date_gmt":"2023-12-22T18:10:54","guid":{"rendered":"https:\/\/extremidades.art\/x\/malkaborenstein\/?p=390"},"modified":"2023-12-22T15:52:24","modified_gmt":"2023-12-22T18:52:24","slug":"apresentacao","status":"publish","type":"post","link":"https:\/\/extremidades.art\/x\/malkaborenstein\/2023\/12\/22\/apresentacao\/","title":{"rendered":"PROJETO"},"content":{"rendered":"\n<p><strong>Resid\u00eancia-arte<\/strong> \u00e9 uma manifesta\u00e7\u00e3o art\u00edstica que prop\u00f5e uma outra est\u00e9tica, de articula\u00e7\u00f5es e conex\u00f5es. Atrav\u00e9s do compartilhamento de saberes e cria\u00e7\u00e3o de redes, para a produ\u00e7\u00e3o art\u00edstica em um ambiente n\u00e3o hegem\u00f4nico e atento \u00e0 import\u00e2ncia da diversidade. Um espa\u00e7o onde se prop\u00f5e contribuir para a constru\u00e7\u00e3o de subjetividades pessoais e extra-pessoais, contando com diferentes corpos que se identifiquem como mulheres e com trajet\u00f3rias diversas.<\/p>\n\n\n\n<p>Uma <strong>resid\u00eancia-arte<\/strong> \u00e9 uma intera\u00e7\u00e3o discursiva, proposta por uma artista, que se concretiza na forma de uma manifesta\u00e7\u00e3o, onde se produziu uma experi\u00eancia com recorte de g\u00eanero no exerc\u00edcio pol\u00edtico de constru\u00e7\u00e3o de uma resid\u00eancia para mulheres. Uma pol\u00edtica feminista que busca despertar e identificar de forma pr\u00e1tica, atrav\u00e9s do exerc\u00edcio de encontros, modos de romper com a estrutura patriarcal, sexista e opressora que moldou um cen\u00e1rio de desigualdade de g\u00eanero e de oportunidade para mulheres, tamb\u00e9m no campo das artes.\u00a0<\/p>\n\n\n\n<p><strong>Residir \u00e9 sin\u00f4nimo de morar, estar estabelecido, ter um lugar, ter um fundamento, pertencimento, se encontrar e fazer parte<\/strong>. Cria-se um espa\u00e7o para compartilhar um mesmo tempo, para fazer parte de um grupo, mesmo que temporariamente, e \u00e9 abrir possibilidades para compartilhar saberes art\u00edsticos e pessoais. Nomear o projeto como resid\u00eancia \u00e9 defender que residir \u00e9 habitar, e habitar \u00e9 pertencer, fazer parte. \u201cO sentimento de \u2018pertencimento\u2019, assim, carrega consigo acolhimento, oferece identidade coletiva, refor\u00e7a o eu individual e o equil\u00edbrio ps\u00edquico\u201d (Ribeiro-de-Sousa, 2021, p. 64). Dentro desse conceito, a proposta da resid\u00eancia-arte \u00e9 articular a aquisi\u00e7\u00e3o de conhecimentos art\u00edsticos, tendo como potencial transformador a\u00e7\u00f5es que incentivem as mulheres artistas a serem protagonistas e residirem (tomar posse e propriedade de suas pr\u00f3prias vidas) pr\u00f3prias hist\u00f3rias.\u00a0<\/p>\n\n\n\n<p>Por meio das pr\u00e1ticas art\u00edsticas a resid\u00eancia-arte pretende fortalecer uma rede e construir um espa\u00e7o de habitar &#8211; mesmo que tempor\u00e1rio e n\u00e3o necessariamente imersivo &#8211; para identificar lugar de fala, pertencimento e escuta na experi\u00eancia gerada pelo processo em coletivo. Em seu desenvolvimento o trabalho almejou contribuir para a constru\u00e7\u00e3o de subjetividades individuais e coletivas, dialogando com conflitos e contradi\u00e7\u00f5es <strong>em um campo em que a mulher para existir, imaginar, inventar e transpassar dificuldades \u00e9 t\u00e3o complexo quanto residir em suas m\u00faltiplas formas de habitar o mundo<\/strong>.\u00a0<\/p>\n\n\n\n<p>A <strong>resid\u00eancia-arte<\/strong> se constitui de forma itinerante e h\u00edbrida, abrangendo assim uma maior ader\u00eancia de participa\u00e7\u00e3o independente da localiza\u00e7\u00e3o geogr\u00e1fica das residentes. Ademais, para efetuar a constru\u00e7\u00e3o de redes ser\u00e1 amplificada a conex\u00e3o entre as artistas residentes e o fazer art\u00edstico em suas m\u00faltiplas possibilidades. Portanto, a resid\u00eancia-arte \u00e9 articulada por um arranjo sincr\u00e9tico que \u00e9 constitu\u00eddo pela ordena\u00e7\u00e3o das linguagens art\u00edsticas: visual, oral, verbal, corporal e gestual, com o prop\u00f3sito de envolver as residentes de forma estesica &#8211; pela sensibilidade, onde o compartilhamento s\u00f3 se dar\u00e1 pela cria\u00e7\u00e3o de v\u00ednculo; e racionalmente &#8211; pelas pr\u00e1ticas art\u00edsticas, como oficinas, workshops e palestras.\u00a0<\/p>\n\n\n\n<p>Desta forma, \u00e9 poss\u00edvel identificar que o objeto de valor da resid\u00eancia-arte \u00e9 o compartilhamento de saberes e cria\u00e7\u00e3o de redes, que tem como proposta desconstruir o conceito de uma resid\u00eancia art\u00edstica tradicional, operando com pr\u00e1ticas art\u00edsticas de forma coletiva para imaginar um outro espa\u00e7o para habitar. Foi proposto problematizar g\u00eanero, racializa\u00e7\u00e3o e pol\u00edticas hier\u00e1rquicas ao produzir arte, com a op\u00e7\u00e3o de recorte para mulheres,\u00a0 articulando conex\u00f5es que possibilitem a remunera\u00e7\u00e3o das artistas a todos os envolvidos no projeto; atrav\u00e9s de procedimentos que materializaram e concretizaram processos po\u00e9ticos desenvolvidos em <strong>ATO<\/strong>.<\/p>\n\n\n\n<p>Produzir arte atrav\u00e9s da propositora que articula uma resid\u00eancia-arte como uma manifesta\u00e7\u00e3o art\u00edstica nos aspectos comunicacionais, educacionais e pol\u00edticos. Fundamentando-se na rela\u00e7\u00e3o <strong>arte-vida<\/strong>, que se inscreve no campo das rela\u00e7\u00f5es entre arte, comunica\u00e7\u00e3o e sociedade, com foco na chamada arte relacional que \u201cbaseia-se em uma constru\u00e7\u00e3o po\u00e9tica centrada nas rela\u00e7\u00f5es humanas e sociais e geralmente \u00e9 pensada fora do ambiente das institui\u00e7\u00f5es art\u00edsticas\u201d (Oliveira; Corr\u00eaa, 2016, p.254).<\/p>\n\n\n\n<p>Para tal, constituiu-se um conjunto de pr\u00e1ticas que se materializaram atrav\u00e9s da <strong>performance da artista como articuladora, operando com regimes de coletividade, atrav\u00e9s de procedimentos est\u00e9ticos e po\u00e9ticos<\/strong> como: oficinas de diferentes linguagens art\u00edstica &#8211; corpo, pintura, gravura; workshops com artistas de trajet\u00f3rias diversas; mentoria para desenvolvimento de projetos; acompanhamento curatorial exposi\u00e7\u00e3o de resultados dos processos desenvolvidos ao longo da resid\u00eancia.<br><\/p>\n\n\n\n<div style=\"height:100px\" aria-hidden=\"true\" class=\"wp-block-spacer\"><\/div>\n","protected":false},"excerpt":{"rendered":"<p>Resid\u00eancia-arte \u00e9 uma manifesta\u00e7\u00e3o art\u00edstica que prop\u00f5e uma outra est\u00e9tica, de articula\u00e7\u00f5es e conex\u00f5es. Atrav\u00e9s do compartilhamento de saberes e cria\u00e7\u00e3o de redes, para a produ\u00e7\u00e3o art\u00edstica em um ambiente n\u00e3o hegem\u00f4nico e atento \u00e0 import\u00e2ncia da diversidade. Um espa\u00e7o onde se prop\u00f5e contribuir para a constru\u00e7\u00e3o de subjetividades pessoais e extra-pessoais, contando com diferentes [&hellip;]<\/p>\n","protected":false},"author":1,"featured_media":0,"comment_status":"closed","ping_status":"closed","sticky":false,"template":"","format":"standard","meta":{"footnotes":""},"categories":[2],"tags":[],"class_list":["post-390","post","type-post","status-publish","hentry","category-residenciaarte"],"_links":{"self":[{"href":"https:\/\/extremidades.art\/x\/malkaborenstein\/wp-json\/wp\/v2\/posts\/390","targetHints":{"allow":["GET"]}}],"collection":[{"href":"https:\/\/extremidades.art\/x\/malkaborenstein\/wp-json\/wp\/v2\/posts"}],"about":[{"href":"https:\/\/extremidades.art\/x\/malkaborenstein\/wp-json\/wp\/v2\/types\/post"}],"author":[{"embeddable":true,"href":"https:\/\/extremidades.art\/x\/malkaborenstein\/wp-json\/wp\/v2\/users\/1"}],"replies":[{"embeddable":true,"href":"https:\/\/extremidades.art\/x\/malkaborenstein\/wp-json\/wp\/v2\/comments?post=390"}],"version-history":[{"count":11,"href":"https:\/\/extremidades.art\/x\/malkaborenstein\/wp-json\/wp\/v2\/posts\/390\/revisions"}],"predecessor-version":[{"id":548,"href":"https:\/\/extremidades.art\/x\/malkaborenstein\/wp-json\/wp\/v2\/posts\/390\/revisions\/548"}],"wp:attachment":[{"href":"https:\/\/extremidades.art\/x\/malkaborenstein\/wp-json\/wp\/v2\/media?parent=390"}],"wp:term":[{"taxonomy":"category","embeddable":true,"href":"https:\/\/extremidades.art\/x\/malkaborenstein\/wp-json\/wp\/v2\/categories?post=390"},{"taxonomy":"post_tag","embeddable":true,"href":"https:\/\/extremidades.art\/x\/malkaborenstein\/wp-json\/wp\/v2\/tags?post=390"}],"curies":[{"name":"wp","href":"https:\/\/api.w.org\/{rel}","templated":true}]}}