{"id":388,"date":"2023-12-22T14:50:14","date_gmt":"2023-12-22T17:50:14","guid":{"rendered":"https:\/\/extremidades.art\/x\/malkaborenstein\/?p=388"},"modified":"2024-01-11T13:53:34","modified_gmt":"2024-01-11T16:53:34","slug":"ato-4","status":"publish","type":"post","link":"https:\/\/extremidades.art\/x\/malkaborenstein\/2023\/12\/22\/ato-4\/","title":{"rendered":"ATO 4 (2022)"},"content":{"rendered":"\n<p>A partir das experi\u00eancias com o ATO 3 da Vai Passar Resid\u00eancia-Arte Online noto como artista a import\u00e2ncia de trazer para o di\u00e1logo as diferen\u00e7as de oportunidades existentes no circuito da arte. Esse \u00e9 um disparador para a reflex\u00e3o e constru\u00e7\u00e3o de uma outra metodologia de uma resid\u00eancia-arte.&nbsp;<\/p>\n\n\n\n<p>Nesse sentido se constr\u00f3i a experi\u00eancia Vai Passar | Resid\u00eancia-arte que prop\u00f5e a pr\u00e1tica de uma resid\u00eancia independente no espa\u00e7o da Oficina Cultural Oswald de Andrade durante os meses de maio, junho, julho e agosto de 2022.\u00a0<\/p>\n\n\n\n<div style=\"height:100px\" aria-hidden=\"true\" class=\"wp-block-spacer\"><\/div>\n\n\n\n<p class=\"has-medium-font-size\"><strong>Encontros h\u00edbridos durante quatro meses na Oficina Cultural Oswald de Andrade<\/strong><\/p>\n\n\n\n<p class=\"has-medium-font-size\">Artistas residentes: Anna Carolina Bueno, B\u00e1rbara Serafim, Bia Rezende, Carolina Tiemi [ITZ\u00c1] e Kim Helena; <\/p>\n\n\n\n<p class=\"has-medium-font-size\">Assistentes do projeto: Fernanda Oliveira e Ayeska Ariza; <\/p>\n\n\n\n<p class=\"has-medium-font-size\">Mentoria [DES]manches: Charlene Bicalho; <\/p>\n\n\n\n<p class=\"has-medium-font-size\">Curadoria: MEIOAMEIO | Fernanda Oliveira e Paula Squaiella.<\/p>\n\n\n\n<div style=\"height:100px\" aria-hidden=\"true\" class=\"wp-block-spacer\"><\/div>\n\n\n\n<p>Vai Passar | Resid\u00eancia-arte aconteceu de modo h\u00edbrido &#8211; presencial e on-line &#8211; \u00e0s segundas e quartas-feiras, no per\u00edodo das 14h00 \u00e0s 17h00. Para as residentes foi necess\u00e1rio a presen\u00e7a f\u00edsica no espa\u00e7o da OCOA, bem como nos encontros online, onde foi&nbsp; realizado para a mentoria, palestras e workshops com convidadas externas.&nbsp;<\/p>\n\n\n\n<p>A sele\u00e7\u00e3o das residentes se deu por uma chamada p\u00fablica para a Vai Passar | Resid\u00eancia-arte destinada a artistas dissidentes mulheres, em contexto perif\u00e9rico do estado de S\u00e3o Paulo, maiores de 21 anos (vinte e um) e com no m\u00ednimo tr\u00eas anos de atividade profissional art\u00edstica comprovada. As residentes foram selecionadas com base em crit\u00e9rios que levaram em considera\u00e7\u00e3o quest\u00f5es de cor, g\u00eanero e classe social, a Vai Passar selecionou cinco artistas para a participa\u00e7\u00e3o em um programa de quatro meses de dura\u00e7\u00e3o, de maio a agosto de 2022.<\/p>\n\n\n\n<p>A proposta foi criar junto ao espa\u00e7o da OCOA um ambiente coletivo de compartilhamento de saberes e pr\u00e1ticas art\u00edsticas a partir da proposi\u00e7\u00e3o de encontros conduzidos pela propositora, oficinas com artistas, workshops com convidadas, mentoria e acompanhamento curatorial para a constru\u00e7\u00e3o de uma exposi\u00e7\u00e3o coletiva ao final do processo.<\/p>\n\n\n\n<div style=\"height:40px\" aria-hidden=\"true\" class=\"wp-block-spacer\"><\/div>\n\n\n\n<div class=\"wp-block-image\"><figure class=\"aligncenter size-large\"><img loading=\"lazy\" decoding=\"async\" width=\"1500\" height=\"938\" src=\"https:\/\/extremidades.art\/x\/malkaborenstein\/wp-content\/uploads\/sites\/20\/2022\/09\/WhatsApp-Image-2022-09-16-at-12.11.07-edited.jpeg\" alt=\"\" class=\"wp-image-409\" srcset=\"https:\/\/extremidades.art\/x\/malkaborenstein\/wp-content\/uploads\/sites\/20\/2022\/09\/WhatsApp-Image-2022-09-16-at-12.11.07-edited.jpeg 1500w, https:\/\/extremidades.art\/x\/malkaborenstein\/wp-content\/uploads\/sites\/20\/2022\/09\/WhatsApp-Image-2022-09-16-at-12.11.07-edited-300x188.jpeg 300w, https:\/\/extremidades.art\/x\/malkaborenstein\/wp-content\/uploads\/sites\/20\/2022\/09\/WhatsApp-Image-2022-09-16-at-12.11.07-edited-1024x640.jpeg 1024w, https:\/\/extremidades.art\/x\/malkaborenstein\/wp-content\/uploads\/sites\/20\/2022\/09\/WhatsApp-Image-2022-09-16-at-12.11.07-edited-768x480.jpeg 768w\" sizes=\"auto, (max-width: 1500px) 100vw, 1500px\" \/><figcaption>Resid\u00eancia-arte Vai Passar na Oficina Cultural Oswald de Andrade, 2022, Malka Borenstein. Imagem: Fernanda Oliveira.<\/figcaption><\/figure><\/div>\n\n\n\n<div style=\"height:34px\" aria-hidden=\"true\" class=\"wp-block-spacer\"><\/div>\n\n\n<div class=\"single-content single-content__text\">\n<div class=\"wp-block-group\"><div class=\"wp-block-group__inner-container is-layout-flow wp-block-group-is-layout-flow\">\n<div class=\"wp-block-columns are-vertically-aligned-center is-layout-flex wp-container-core-columns-is-layout-9d6595d7 wp-block-columns-is-layout-flex\">\n<div class=\"wp-block-column is-vertically-aligned-center is-layout-flow wp-block-column-is-layout-flow\" style=\"flex-basis:100%\">\n<p>Importante trazer que inicialmente n\u00e3o tivemos o alcance da divulga\u00e7\u00e3o para o p\u00fablico a ser selecionado, faltando uma semana para acontecer o primeiro encontro da resid\u00eancia, ainda n\u00e3o t\u00ednhamos n\u00fameros de inscritas suficientes para fazer uma sele\u00e7\u00e3o, \u00e9 nesse momento que entendo a dificuldade de colocar em pr\u00e1tica o desejo de fazer acontecer a resid\u00eancia com o recorte escolhido.&nbsp;<\/p>\n\n\n\n<p>Um dos recursos desenvolvidos foi criar uma p\u00e1gina para a divulga\u00e7\u00e3o do projeto e da chamada nas redes sociais. Cria-se ent\u00e3o a p\u00e1gina <a href=\"https:\/\/www.instagram.com\/vaipassar_residencia\/\">@vaipassar_residencia<\/a> na plataforma do Instagram, respeitando a seriedade do projeto, para tal cria\u00e7\u00e3o \u00e9 convidada a participar da equipe a designer gr\u00e1fica Beatriz Carvalho que desenvolve a identidade visual do projeto e as principais artes de divulga\u00e7\u00e3o do mesmo.&nbsp;<\/p>\n\n\n\n<p>Ap\u00f3s esse movimento, com a p\u00e1gina j\u00e1 desenvolvida, ao dar in\u00edcio \u00e0s articula\u00e7\u00f5es para divulga\u00e7\u00e3o entramos em contato com um perfil parceiro, o <a href=\"https:\/\/www.instagram.com\/emergeartes\/\">@emergeartes<\/a> de divulga\u00e7\u00e3o de chamadas e editais, o qual com muita disponibilidade, nos ajuda no compartilhamento de nossa chamada p\u00fablica, possibilitando assim o alcance as artistas que fizeram parte do ATO 4 da <em>Vai Passar.<\/em><\/p>\n\n\n\n<p><\/p>\n\n\n\n<div style=\"height:39px\" aria-hidden=\"true\" class=\"wp-block-spacer\"><\/div>\n\n\n\n<p><\/p>\n<\/div>\n<\/div>\n<\/div>\n<\/div><\/div>\n\n\n<figure class=\"wp-block-gallery columns-3 is-cropped wp-block-gallery-1 is-layout-flex wp-block-gallery-is-layout-flex\"><ul class=\"blocks-gallery-grid\"><li class=\"blocks-gallery-item\"><figure><img loading=\"lazy\" decoding=\"async\" width=\"1024\" height=\"576\" src=\"https:\/\/extremidades.art\/x\/malkaborenstein\/wp-content\/uploads\/sites\/20\/2022\/09\/WhatsApp-Image-2022-09-21-at-18.34.38.jpeg\" alt=\"\" data-id=\"403\" data-full-url=\"https:\/\/extremidades.art\/x\/malkaborenstein\/wp-content\/uploads\/sites\/20\/2022\/09\/WhatsApp-Image-2022-09-21-at-18.34.38.jpeg\" data-link=\"https:\/\/extremidades.art\/x\/malkaborenstein\/2022\/08\/08\/ato-4\/whatsapp-image-2022-09-21-at-18-34-38\/\" class=\"wp-image-403\" srcset=\"https:\/\/extremidades.art\/x\/malkaborenstein\/wp-content\/uploads\/sites\/20\/2022\/09\/WhatsApp-Image-2022-09-21-at-18.34.38.jpeg 1024w, https:\/\/extremidades.art\/x\/malkaborenstein\/wp-content\/uploads\/sites\/20\/2022\/09\/WhatsApp-Image-2022-09-21-at-18.34.38-300x169.jpeg 300w, https:\/\/extremidades.art\/x\/malkaborenstein\/wp-content\/uploads\/sites\/20\/2022\/09\/WhatsApp-Image-2022-09-21-at-18.34.38-768x432.jpeg 768w\" sizes=\"auto, (max-width: 1024px) 100vw, 1024px\" \/><\/figure><\/li><li class=\"blocks-gallery-item\"><figure><img loading=\"lazy\" decoding=\"async\" width=\"576\" height=\"1024\" src=\"https:\/\/extremidades.art\/x\/malkaborenstein\/wp-content\/uploads\/sites\/20\/2022\/09\/WhatsApp-Image-2022-09-21-at-18.41.46-1.jpeg\" alt=\"\" data-id=\"404\" data-full-url=\"https:\/\/extremidades.art\/x\/malkaborenstein\/wp-content\/uploads\/sites\/20\/2022\/09\/WhatsApp-Image-2022-09-21-at-18.41.46-1.jpeg\" data-link=\"https:\/\/extremidades.art\/x\/malkaborenstein\/2022\/08\/08\/ato-4\/whatsapp-image-2022-09-21-at-18-41-46-1\/\" class=\"wp-image-404\" srcset=\"https:\/\/extremidades.art\/x\/malkaborenstein\/wp-content\/uploads\/sites\/20\/2022\/09\/WhatsApp-Image-2022-09-21-at-18.41.46-1.jpeg 576w, https:\/\/extremidades.art\/x\/malkaborenstein\/wp-content\/uploads\/sites\/20\/2022\/09\/WhatsApp-Image-2022-09-21-at-18.41.46-1-169x300.jpeg 169w\" sizes=\"auto, (max-width: 576px) 100vw, 576px\" \/><\/figure><\/li><li class=\"blocks-gallery-item\"><figure><img loading=\"lazy\" decoding=\"async\" width=\"576\" height=\"1024\" src=\"https:\/\/extremidades.art\/x\/malkaborenstein\/wp-content\/uploads\/sites\/20\/2022\/09\/WhatsApp-Image-2022-09-21-at-18.42.45.jpeg\" alt=\"\" data-id=\"405\" data-full-url=\"https:\/\/extremidades.art\/x\/malkaborenstein\/wp-content\/uploads\/sites\/20\/2022\/09\/WhatsApp-Image-2022-09-21-at-18.42.45.jpeg\" data-link=\"https:\/\/extremidades.art\/x\/malkaborenstein\/2022\/08\/08\/ato-4\/whatsapp-image-2022-09-21-at-18-42-45\/\" class=\"wp-image-405\" srcset=\"https:\/\/extremidades.art\/x\/malkaborenstein\/wp-content\/uploads\/sites\/20\/2022\/09\/WhatsApp-Image-2022-09-21-at-18.42.45.jpeg 576w, https:\/\/extremidades.art\/x\/malkaborenstein\/wp-content\/uploads\/sites\/20\/2022\/09\/WhatsApp-Image-2022-09-21-at-18.42.45-169x300.jpeg 169w\" sizes=\"auto, (max-width: 576px) 100vw, 576px\" \/><\/figure><\/li><li class=\"blocks-gallery-item\"><figure><img loading=\"lazy\" decoding=\"async\" width=\"576\" height=\"1024\" src=\"https:\/\/extremidades.art\/x\/malkaborenstein\/wp-content\/uploads\/sites\/20\/2022\/09\/WhatsApp-Image-2022-09-21-at-18.44.03.jpeg\" alt=\"\" data-id=\"406\" data-full-url=\"https:\/\/extremidades.art\/x\/malkaborenstein\/wp-content\/uploads\/sites\/20\/2022\/09\/WhatsApp-Image-2022-09-21-at-18.44.03.jpeg\" data-link=\"https:\/\/extremidades.art\/x\/malkaborenstein\/2022\/08\/08\/ato-4\/whatsapp-image-2022-09-21-at-18-44-03\/\" class=\"wp-image-406\" srcset=\"https:\/\/extremidades.art\/x\/malkaborenstein\/wp-content\/uploads\/sites\/20\/2022\/09\/WhatsApp-Image-2022-09-21-at-18.44.03.jpeg 576w, https:\/\/extremidades.art\/x\/malkaborenstein\/wp-content\/uploads\/sites\/20\/2022\/09\/WhatsApp-Image-2022-09-21-at-18.44.03-169x300.jpeg 169w\" sizes=\"auto, (max-width: 576px) 100vw, 576px\" \/><\/figure><\/li><li class=\"blocks-gallery-item\"><figure><img loading=\"lazy\" decoding=\"async\" width=\"768\" height=\"1024\" src=\"https:\/\/extremidades.art\/x\/malkaborenstein\/wp-content\/uploads\/sites\/20\/2022\/09\/WhatsApp-Image-2022-09-21-at-18.52.32-768x1024.jpeg\" alt=\"\" data-id=\"407\" data-full-url=\"https:\/\/extremidades.art\/x\/malkaborenstein\/wp-content\/uploads\/sites\/20\/2022\/09\/WhatsApp-Image-2022-09-21-at-18.52.32.jpeg\" data-link=\"https:\/\/extremidades.art\/x\/malkaborenstein\/2022\/08\/08\/ato-4\/whatsapp-image-2022-09-21-at-18-52-32\/\" class=\"wp-image-407\" srcset=\"https:\/\/extremidades.art\/x\/malkaborenstein\/wp-content\/uploads\/sites\/20\/2022\/09\/WhatsApp-Image-2022-09-21-at-18.52.32-768x1024.jpeg 768w, https:\/\/extremidades.art\/x\/malkaborenstein\/wp-content\/uploads\/sites\/20\/2022\/09\/WhatsApp-Image-2022-09-21-at-18.52.32-225x300.jpeg 225w, https:\/\/extremidades.art\/x\/malkaborenstein\/wp-content\/uploads\/sites\/20\/2022\/09\/WhatsApp-Image-2022-09-21-at-18.52.32.jpeg 1125w\" sizes=\"auto, (max-width: 768px) 100vw, 768px\" \/><\/figure><\/li><\/ul><figcaption class=\"blocks-gallery-caption\">Processos da Resid\u00eancia-arte Vai Passar, 2022, Malka Borenstein. Imagem: Fernanda Oliveira e Malka Borenstein.<\/figcaption><\/figure>\n\n\n\n<div style=\"height:100px\" aria-hidden=\"true\" class=\"wp-block-spacer\"><\/div>\n\n\n\n<div style=\"height:100px\" aria-hidden=\"true\" class=\"wp-block-spacer\"><\/div>\n","protected":false},"excerpt":{"rendered":"<p>A partir das experi\u00eancias com o ATO 3 da Vai Passar Resid\u00eancia-Arte Online noto como artista a import\u00e2ncia de trazer para o di\u00e1logo as diferen\u00e7as de oportunidades existentes no circuito da arte. Esse \u00e9 um disparador para a reflex\u00e3o e constru\u00e7\u00e3o de uma outra metodologia de uma resid\u00eancia-arte.&nbsp; Nesse sentido se constr\u00f3i a experi\u00eancia Vai [&hellip;]<\/p>\n","protected":false},"author":1,"featured_media":0,"comment_status":"closed","ping_status":"closed","sticky":false,"template":"","format":"standard","meta":{"footnotes":""},"categories":[2],"tags":[],"class_list":["post-388","post","type-post","status-publish","hentry","category-residenciaarte"],"_links":{"self":[{"href":"https:\/\/extremidades.art\/x\/malkaborenstein\/wp-json\/wp\/v2\/posts\/388","targetHints":{"allow":["GET"]}}],"collection":[{"href":"https:\/\/extremidades.art\/x\/malkaborenstein\/wp-json\/wp\/v2\/posts"}],"about":[{"href":"https:\/\/extremidades.art\/x\/malkaborenstein\/wp-json\/wp\/v2\/types\/post"}],"author":[{"embeddable":true,"href":"https:\/\/extremidades.art\/x\/malkaborenstein\/wp-json\/wp\/v2\/users\/1"}],"replies":[{"embeddable":true,"href":"https:\/\/extremidades.art\/x\/malkaborenstein\/wp-json\/wp\/v2\/comments?post=388"}],"version-history":[{"count":13,"href":"https:\/\/extremidades.art\/x\/malkaborenstein\/wp-json\/wp\/v2\/posts\/388\/revisions"}],"predecessor-version":[{"id":624,"href":"https:\/\/extremidades.art\/x\/malkaborenstein\/wp-json\/wp\/v2\/posts\/388\/revisions\/624"}],"wp:attachment":[{"href":"https:\/\/extremidades.art\/x\/malkaborenstein\/wp-json\/wp\/v2\/media?parent=388"}],"wp:term":[{"taxonomy":"category","embeddable":true,"href":"https:\/\/extremidades.art\/x\/malkaborenstein\/wp-json\/wp\/v2\/categories?post=388"},{"taxonomy":"post_tag","embeddable":true,"href":"https:\/\/extremidades.art\/x\/malkaborenstein\/wp-json\/wp\/v2\/tags?post=388"}],"curies":[{"name":"wp","href":"https:\/\/api.w.org\/{rel}","templated":true}]}}