{"id":88,"date":"2024-04-02T02:10:52","date_gmt":"2024-04-02T05:10:52","guid":{"rendered":"https:\/\/extremidades.art\/x\/lindolforobertonascimento\/?p=88"},"modified":"2024-09-30T20:12:03","modified_gmt":"2024-09-30T23:12:03","slug":"pesquisa","status":"publish","type":"post","link":"https:\/\/extremidades.art\/x\/lindolforobertonascimento\/2024\/04\/02\/pesquisa\/","title":{"rendered":"Escritas Negras: oralitura, falat\u00f3rio e escrita perform\u00e1tica \u00e0 margem a partir de Lindolfo Roberto Nascimento e Stella do Patroc\u00ednio"},"content":{"rendered":"\n<p class=\"has-text-align-center\"><\/p>\n\n\n\n<figure class=\"wp-block-image size-large\"><img loading=\"lazy\" decoding=\"async\" width=\"1014\" height=\"1024\" src=\"http:\/\/extremidades.art\/x\/lindolforobertonascimento\/wp-content\/uploads\/sites\/22\/2024\/04\/WhatsApp-Image-2024-03-26-at-03.22.00-1014x1024.jpeg\" alt=\"\" class=\"wp-image-90\" srcset=\"https:\/\/extremidades.art\/x\/lindolforobertonascimento\/wp-content\/uploads\/sites\/22\/2024\/04\/WhatsApp-Image-2024-03-26-at-03.22.00-1014x1024.jpeg 1014w, https:\/\/extremidades.art\/x\/lindolforobertonascimento\/wp-content\/uploads\/sites\/22\/2024\/04\/WhatsApp-Image-2024-03-26-at-03.22.00-297x300.jpeg 297w, https:\/\/extremidades.art\/x\/lindolforobertonascimento\/wp-content\/uploads\/sites\/22\/2024\/04\/WhatsApp-Image-2024-03-26-at-03.22.00-150x150.jpeg 150w, https:\/\/extremidades.art\/x\/lindolforobertonascimento\/wp-content\/uploads\/sites\/22\/2024\/04\/WhatsApp-Image-2024-03-26-at-03.22.00-768x775.jpeg 768w, https:\/\/extremidades.art\/x\/lindolforobertonascimento\/wp-content\/uploads\/sites\/22\/2024\/04\/WhatsApp-Image-2024-03-26-at-03.22.00-1522x1536.jpeg 1522w, https:\/\/extremidades.art\/x\/lindolforobertonascimento\/wp-content\/uploads\/sites\/22\/2024\/04\/WhatsApp-Image-2024-03-26-at-03.22.00.jpeg 1585w\" sizes=\"auto, (max-width: 1014px) 100vw, 1014px\" \/><\/figure>\n\n\n\n<p><\/p>\n\n\n\n<p class=\"has-text-align-center\"><strong>RESUMO<\/strong><\/p>\n\n\n\n<p><\/p>\n\n\n\n<p>NASCIMENTO, Lindolfo Roberto. <em>Escritas negras: <\/em>oralitura, falat\u00f3rio e escrita perform\u00e1tica \u00e0 margem a partir de Stella do Patroc\u00ednio e Lindolfo Roberto Nascimento. 2024. 166f.  f. Disserta\u00e7\u00e3o (Mestrado) &#8211; Programa de Estudos P\u00f3s- Graduados em Comunica\u00e7\u00e3o e Semi\u00f3tica da Pontif\u00edcia Universidade Cat\u00f3lica de S\u00e3o Paulo, 2024.<\/p>\n\n\n\n<p>A disserta\u00e7\u00e3o produz uma reflex\u00e3o cr\u00edtica sobre escritas negras, em suas rela\u00e7\u00f5es entre arte, racialidade e vidas negras \u00e0 margem, a partir de uma vis\u00e3o comunicacional-po\u00e9tica. Compreendem-se escritas negras como escritas \u00e0 margem, escritas feitas com o corpo, encontradas tanto em concep\u00e7\u00f5es de literatura e <em>oralitura <\/em>(Leda Maria Martins) quanto em procedimentos de linguagem como o <em>falat\u00f3rio<\/em> (Stella do Patroc\u00ednio) e a <em>escrita perform\u00e1tica <\/em>(Lindolfo Roberto Nascimento). Tem como objetivo analisar essas escritas negras realizadas, em especial, em situa\u00e7\u00f5es de psiquiatriza\u00e7\u00e3o por meio de procedimentos performativos na produ\u00e7\u00e3o de corpos, oralidades e discursos liter\u00e1rios \u00e0 margem, considerados em suas contamina\u00e7\u00f5es. Produzidas por pessoas negras, de matrizes afrodiasp\u00f3ricas, compreende-se por escritas negras o corpus da pesquisa, formado pela sele\u00e7\u00e3o das seguintes obras liter\u00e1rias: <em>Reino dos bichos e dos animais \u00e9 o meu nome <\/em>(2001), de Stella do Patroc\u00ednio  &#8211; mediada pela organiza\u00e7\u00e3o e edi\u00e7\u00e3o de Viviane Mos\u00e9 -, e o chamado <em>Experimento MAMEMI, <\/em> de Lindolfo Roberto Nascimento &#8211; composto pelas obras <em>Mandala na\u00eff <\/em>(2020), <em>Medusa em braile <\/em>(2021) e <em>Miragens concretas <\/em>(2023). A inten\u00e7\u00e3o \u00e9 identificar os procedimentos comunicacionais estabelecidos nas duas concep\u00e7\u00f5es po\u00e9ticas na constitui\u00e7\u00e3o de vozes silenciadas como subjetividades negadas, observando de que modo as escritas negras, embora se constituam como pr\u00e1ticas art\u00edsticas \u00e0 margem social, n\u00e3o s\u00e3o menos importantes na compreens\u00e3o da produ\u00e7\u00e3o art\u00edstica contempor\u00e2nea. Nessa dire\u00e7\u00e3o, a problematiza\u00e7\u00e3o principal diz respeito a questionar o que determina as escritas negras como escritas \u00e0 margem. Significa falar de vidas negras constitu\u00eddas pela concep\u00e7\u00e3o po\u00e9tica dos dois autores em quest\u00e3o. Para tanto, a fundamenta\u00e7\u00e3o te\u00f3rica se baseia, al\u00e9m de Martins (cultura negra, <em>oralitura<\/em> e performance), em bell hooks (conceitos de racialidade e margem) e Christie Mello (para an\u00e1lise do <em>corpus <\/em>por meio da abordagem das extremidades). A partir de bell hooks, a dimens\u00e3o de margem nas escritas negras de Patroc\u00ednio e Nascimento se relacionam com as contamina\u00e7\u00f5es entre <em>oralitura, falat\u00f3rio<\/em> e <em>escrita perform\u00e1tica, <\/em>originando, com isso, a presente no\u00e7\u00e3o de escritas \u00e0 margem. Constatam-se nessas vidas, corpos e oralidades negras, as dimens\u00f5es po\u00e9ticas tanto de vulnerabilidade quanto de resist\u00eancia, o que permite observar a ressignifica\u00e7\u00e3o de pr\u00e1ticas art\u00edsticas na contemporaneidade como o gesto de amplitude para a escrita contempor\u00e2nea firmada por minorias n\u00e3o minorit\u00e1rias, agenciadoras da sociedade em sua luta por diminui\u00e7\u00e3o da desigualdade.<\/p>\n\n\n\n<p><strong>Palavras chave: <\/strong>Escrita negra. Margem. Stella do Patroc\u00ednio. Lindolfo Roberto Nascimento. Falat\u00f3rio. Escrita perform\u00e1tica.<\/p>\n\n\n\n<p><\/p>\n\n\n\n<p><a href=\"https:\/\/tede2.pucsp.br\/handle\/handle\/42192\" data-type=\"URL\" data-id=\"https:\/\/tede2.pucsp.br\/handle\/handle\/42192\">C<\/a><a href=\"https:\/\/tede2.pucsp.br\/handle\/handle\/42192\" data-type=\"URL\" data-id=\"https:\/\/tede2.pucsp.br\/handle\/handle\/42192\" target=\"_blank\" rel=\"noreferrer noopener\">lique aqui para visualizar\/abrir\/baixar<\/a><\/p>\n","protected":false},"excerpt":{"rendered":"<p>RESUMO NASCIMENTO, Lindolfo Roberto. Escritas negras: oralitura, falat\u00f3rio e escrita perform\u00e1tica \u00e0 margem a partir de Stella do Patroc\u00ednio e Lindolfo Roberto Nascimento. 2024. 166f. f. Disserta\u00e7\u00e3o (Mestrado) &#8211; Programa de Estudos P\u00f3s- Graduados em Comunica\u00e7\u00e3o e Semi\u00f3tica da Pontif\u00edcia Universidade Cat\u00f3lica de S\u00e3o Paulo, 2024. A disserta\u00e7\u00e3o produz uma reflex\u00e3o cr\u00edtica sobre escritas negras, [&hellip;]<\/p>\n","protected":false},"author":24,"featured_media":0,"comment_status":"closed","ping_status":"closed","sticky":false,"template":"","format":"standard","meta":{"footnotes":""},"categories":[2],"tags":[],"class_list":["post-88","post","type-post","status-publish","hentry","category-pesquisa"],"_links":{"self":[{"href":"https:\/\/extremidades.art\/x\/lindolforobertonascimento\/wp-json\/wp\/v2\/posts\/88","targetHints":{"allow":["GET"]}}],"collection":[{"href":"https:\/\/extremidades.art\/x\/lindolforobertonascimento\/wp-json\/wp\/v2\/posts"}],"about":[{"href":"https:\/\/extremidades.art\/x\/lindolforobertonascimento\/wp-json\/wp\/v2\/types\/post"}],"author":[{"embeddable":true,"href":"https:\/\/extremidades.art\/x\/lindolforobertonascimento\/wp-json\/wp\/v2\/users\/24"}],"replies":[{"embeddable":true,"href":"https:\/\/extremidades.art\/x\/lindolforobertonascimento\/wp-json\/wp\/v2\/comments?post=88"}],"version-history":[{"count":4,"href":"https:\/\/extremidades.art\/x\/lindolforobertonascimento\/wp-json\/wp\/v2\/posts\/88\/revisions"}],"predecessor-version":[{"id":106,"href":"https:\/\/extremidades.art\/x\/lindolforobertonascimento\/wp-json\/wp\/v2\/posts\/88\/revisions\/106"}],"wp:attachment":[{"href":"https:\/\/extremidades.art\/x\/lindolforobertonascimento\/wp-json\/wp\/v2\/media?parent=88"}],"wp:term":[{"taxonomy":"category","embeddable":true,"href":"https:\/\/extremidades.art\/x\/lindolforobertonascimento\/wp-json\/wp\/v2\/categories?post=88"},{"taxonomy":"post_tag","embeddable":true,"href":"https:\/\/extremidades.art\/x\/lindolforobertonascimento\/wp-json\/wp\/v2\/tags?post=88"}],"curies":[{"name":"wp","href":"https:\/\/api.w.org\/{rel}","templated":true}]}}