{"id":30,"date":"2024-03-12T03:39:03","date_gmt":"2024-03-12T06:39:03","guid":{"rendered":"https:\/\/extremidades.art\/x\/lindolforobertonascimento\/?p=30"},"modified":"2025-08-05T22:47:06","modified_gmt":"2025-08-06T01:47:06","slug":"video","status":"publish","type":"post","link":"https:\/\/extremidades.art\/x\/lindolforobertonascimento\/2024\/03\/12\/video\/","title":{"rendered":"V\u00cdDEO"},"content":{"rendered":"\n<p>\u201c<strong>Cartilha do estrangulamento\u201d (Video Performance)<\/strong><\/p>\n\n\n\n<figure class=\"wp-block-image size-large\"><img loading=\"lazy\" decoding=\"async\" width=\"1024\" height=\"576\" src=\"http:\/\/extremidades.art\/x\/lindolforobertonascimento\/wp-content\/uploads\/sites\/22\/2024\/03\/Captura-de-Tela-2024-02-11-a\u0300s-00.23.37-1024x576.png\" alt=\"\" class=\"wp-image-55\" srcset=\"https:\/\/extremidades.art\/x\/lindolforobertonascimento\/wp-content\/uploads\/sites\/22\/2024\/03\/Captura-de-Tela-2024-02-11-a\u0300s-00.23.37-1024x576.png 1024w, https:\/\/extremidades.art\/x\/lindolforobertonascimento\/wp-content\/uploads\/sites\/22\/2024\/03\/Captura-de-Tela-2024-02-11-a\u0300s-00.23.37-300x169.png 300w, https:\/\/extremidades.art\/x\/lindolforobertonascimento\/wp-content\/uploads\/sites\/22\/2024\/03\/Captura-de-Tela-2024-02-11-a\u0300s-00.23.37-768x432.png 768w, https:\/\/extremidades.art\/x\/lindolforobertonascimento\/wp-content\/uploads\/sites\/22\/2024\/03\/Captura-de-Tela-2024-02-11-a\u0300s-00.23.37-1536x864.png 1536w, https:\/\/extremidades.art\/x\/lindolforobertonascimento\/wp-content\/uploads\/sites\/22\/2024\/03\/Captura-de-Tela-2024-02-11-a\u0300s-00.23.37.png 1920w\" sizes=\"auto, (max-width: 1024px) 100vw, 1024px\" \/><\/figure>\n\n\n\n<p>Sinopse: Video performance realizada no segundo semestre de 2018 que trata de opress\u00f5es vividas por mulheres, abordando os mais diversos \u00e2mbitos: dom\u00e9stico, art\u00edstico e religioso. O registro, feito por celulares, se desdobrou em uma segunda camada de performance pela forma de edi\u00e7\u00e3o, atravessada por ru\u00eddos geradores de sentidos outros.<\/p>\n\n\n\n<p>Dire\u00e7\u00e3o: Lindolfo Roberto Nascimento<\/p>\n\n\n\n<p>Assist\u00eanca: Taine Payay\u00e1<\/p>\n\n\n\n<p>Edi\u00e7\u00e3o: Taine Payay\u00e1 e Lindolfo Roberto Nascimento<\/p>\n\n\n\n<p>Atrizes\/dan\u00e7arinas\/performers (por ordem de apari\u00e7\u00e3o): Mariana Rezende, Ana Musidora e Lucia Machado<\/p>\n\n\n\n<p>Publicado em 27 de julho de 2020<\/p>\n\n\n\n<p>V\u00eddeo dispon\u00edvel no link: <a href=\"https:\/\/youtu.be\/fXA-xBTDtR0?si=GMzHY_RQdKx5xC6L\" target=\"_blank\" rel=\"noreferrer noopener\">https:\/\/youtu.be\/fXA-xBTDtR0?si=GMzHY_RQdKx5xC6L<\/a><\/p>\n\n\n\n<p><\/p>\n\n\n\n<p><\/p>\n\n\n\n<p><\/p>\n\n\n\n<p>\u201c<strong>Mercado de cu\u201d (Video Clipe)<\/strong><\/p>\n\n\n\n<figure class=\"wp-block-image size-large\"><img loading=\"lazy\" decoding=\"async\" width=\"1024\" height=\"576\" src=\"http:\/\/extremidades.art\/x\/lindolforobertonascimento\/wp-content\/uploads\/sites\/22\/2024\/03\/Captura-de-Tela-2024-02-11-a\u0300s-00.17.09-1024x576.png\" alt=\"\" class=\"wp-image-52\" srcset=\"https:\/\/extremidades.art\/x\/lindolforobertonascimento\/wp-content\/uploads\/sites\/22\/2024\/03\/Captura-de-Tela-2024-02-11-a\u0300s-00.17.09-1024x576.png 1024w, https:\/\/extremidades.art\/x\/lindolforobertonascimento\/wp-content\/uploads\/sites\/22\/2024\/03\/Captura-de-Tela-2024-02-11-a\u0300s-00.17.09-300x169.png 300w, https:\/\/extremidades.art\/x\/lindolforobertonascimento\/wp-content\/uploads\/sites\/22\/2024\/03\/Captura-de-Tela-2024-02-11-a\u0300s-00.17.09-768x432.png 768w, https:\/\/extremidades.art\/x\/lindolforobertonascimento\/wp-content\/uploads\/sites\/22\/2024\/03\/Captura-de-Tela-2024-02-11-a\u0300s-00.17.09-1536x864.png 1536w, https:\/\/extremidades.art\/x\/lindolforobertonascimento\/wp-content\/uploads\/sites\/22\/2024\/03\/Captura-de-Tela-2024-02-11-a\u0300s-00.17.09.png 1920w\" sizes=\"auto, (max-width: 1024px) 100vw, 1024px\" \/><\/figure>\n\n\n\n<p>T\u00edtulo: \u201cMercado de Cu\u201d<\/p>\n\n\n\n<p>Artista: Lindolfo Roberto Nascimento sob o vulgo \u201cMacna\u201d<\/p>\n\n\n\n<p>Dura\u00e7\u00e3o: 2min35s<\/p>\n\n\n\n<p>Fun\u00e7\u00e3o: Atua\u00e7\u00e3o e produ\u00e7\u00e3o<\/p>\n\n\n\n<p>Coreografia e dan\u00e7a: Let\u00edcia Cipriano<\/p>\n\n\n\n<p>Grava\u00e7\u00e3o: KFF REC<\/p>\n\n\n\n<p>Produ\u00e7\u00e3o: Lindolfo Roberto Nascimento e KFF REC<\/p>\n\n\n\n<p>Assist\u00eancia de Produ\u00e7\u00e3o: Leonardo Aciem<\/p>\n\n\n\n<p>Publicado em 30 de agosto de 2023<\/p>\n\n\n\n<p>V\u00eddeo dispon\u00edvel no link: <a href=\"https:\/\/youtu.be\/M7jFupbTAN0?si=8NGAw3kuVrvuIh8B\" target=\"_blank\" rel=\"noreferrer noopener\">https:\/\/youtu.be\/M7jFupbTAN0?si=8NGAw3kuVrvuIh8B<\/a><\/p>\n\n\n\n<p><\/p>\n\n\n\n<p><\/p>\n\n\n\n<p><\/p>\n\n\n\n<p>\u201c<strong>Tattoo (Tatu em seu Buraco)\u201d (Video Clipe)<\/strong><\/p>\n\n\n\n<figure class=\"wp-block-image size-large\"><img loading=\"lazy\" decoding=\"async\" width=\"1024\" height=\"576\" src=\"http:\/\/extremidades.art\/x\/lindolforobertonascimento\/wp-content\/uploads\/sites\/22\/2024\/03\/Captura-de-Tela-2024-02-11-a\u0300s-00.19.48-1024x576.png\" alt=\"\" class=\"wp-image-53\" srcset=\"https:\/\/extremidades.art\/x\/lindolforobertonascimento\/wp-content\/uploads\/sites\/22\/2024\/03\/Captura-de-Tela-2024-02-11-a\u0300s-00.19.48-1024x576.png 1024w, https:\/\/extremidades.art\/x\/lindolforobertonascimento\/wp-content\/uploads\/sites\/22\/2024\/03\/Captura-de-Tela-2024-02-11-a\u0300s-00.19.48-300x169.png 300w, https:\/\/extremidades.art\/x\/lindolforobertonascimento\/wp-content\/uploads\/sites\/22\/2024\/03\/Captura-de-Tela-2024-02-11-a\u0300s-00.19.48-768x432.png 768w, https:\/\/extremidades.art\/x\/lindolforobertonascimento\/wp-content\/uploads\/sites\/22\/2024\/03\/Captura-de-Tela-2024-02-11-a\u0300s-00.19.48-1536x864.png 1536w, https:\/\/extremidades.art\/x\/lindolforobertonascimento\/wp-content\/uploads\/sites\/22\/2024\/03\/Captura-de-Tela-2024-02-11-a\u0300s-00.19.48.png 1920w\" sizes=\"auto, (max-width: 1024px) 100vw, 1024px\" \/><\/figure>\n\n\n\n<p>T\u00edtulo: \u201cTattoo (Tatu em seu Buraco)\u201d<\/p>\n\n\n\n<p>Artista: Lindolfo Roberto Nascimento sob o vulgo \u201cMacna\u201d<\/p>\n\n\n\n<p>Dura\u00e7\u00e3o: 2min26s<\/p>\n\n\n\n<p>Fun\u00e7\u00e3o: Atua\u00e7\u00e3o e produ\u00e7\u00e3o<\/p>\n\n\n\n<p>Coreografia e dan\u00e7a: Let\u00edcia Cipriano<\/p>\n\n\n\n<p>Grava\u00e7\u00e3o: KFF REC<\/p>\n\n\n\n<p>Produ\u00e7\u00e3o: Lindolfo Roberto Nascimento e KFF REC<\/p>\n\n\n\n<p>Assist\u00eancia de Produ\u00e7\u00e3o: Leonardo Aciem<\/p>\n\n\n\n<p>Publicado em 13 de setembro de 2023<\/p>\n\n\n\n<p>V\u00eddeo dispon\u00edvel no link: <a href=\"https:\/\/youtu.be\/wFnc3tKtZBQ?si=MZ9Pwc4FaZefVkuS\" target=\"_blank\" rel=\"noreferrer noopener\">https:\/\/youtu.be\/wFnc3tKtZBQ?si=MZ9Pwc4FaZefVkuS<\/a><\/p>\n\n\n\n<p><\/p>\n\n\n\n<p><\/p>\n\n\n\n<p><\/p>\n\n\n\n<p>\u201c<strong>I Have a Dream\u201d (Video Clipe)<\/strong><\/p>\n\n\n\n<figure class=\"wp-block-image size-large\"><img loading=\"lazy\" decoding=\"async\" width=\"1024\" height=\"576\" src=\"http:\/\/extremidades.art\/x\/lindolforobertonascimento\/wp-content\/uploads\/sites\/22\/2024\/03\/Captura-de-Tela-2024-02-11-a\u0300s-00.21.59-1024x576.png\" alt=\"\" class=\"wp-image-54\" srcset=\"https:\/\/extremidades.art\/x\/lindolforobertonascimento\/wp-content\/uploads\/sites\/22\/2024\/03\/Captura-de-Tela-2024-02-11-a\u0300s-00.21.59-1024x576.png 1024w, https:\/\/extremidades.art\/x\/lindolforobertonascimento\/wp-content\/uploads\/sites\/22\/2024\/03\/Captura-de-Tela-2024-02-11-a\u0300s-00.21.59-300x169.png 300w, https:\/\/extremidades.art\/x\/lindolforobertonascimento\/wp-content\/uploads\/sites\/22\/2024\/03\/Captura-de-Tela-2024-02-11-a\u0300s-00.21.59-768x432.png 768w, https:\/\/extremidades.art\/x\/lindolforobertonascimento\/wp-content\/uploads\/sites\/22\/2024\/03\/Captura-de-Tela-2024-02-11-a\u0300s-00.21.59-1536x864.png 1536w, https:\/\/extremidades.art\/x\/lindolforobertonascimento\/wp-content\/uploads\/sites\/22\/2024\/03\/Captura-de-Tela-2024-02-11-a\u0300s-00.21.59.png 1920w\" sizes=\"auto, (max-width: 1024px) 100vw, 1024px\" \/><\/figure>\n\n\n\n<p>T\u00edtulo: \u201cI Have a Dream\u201d<\/p>\n\n\n\n<p>Artista: Lindolfo Roberto Nascimento sob o vulgo \u201cMacna\u201d<\/p>\n\n\n\n<p>Dura\u00e7\u00e3o: 2min23s<\/p>\n\n\n\n<p>Fun\u00e7\u00e3o: Atua\u00e7\u00e3o e produ\u00e7\u00e3o<\/p>\n\n\n\n<p>Coreografia e dan\u00e7a: Let\u00edcia Cipriano<\/p>\n\n\n\n<p>Grava\u00e7\u00e3o: KFF REC<\/p>\n\n\n\n<p>Produ\u00e7\u00e3o: Lindolfo Roberto Nascimento e KFF REC<\/p>\n\n\n\n<p>Assist\u00eancia de Produ\u00e7\u00e3o: Leonardo Aciem<\/p>\n\n\n\n<p>Publicado em 27 de setembro de 2023<\/p>\n\n\n\n<p>V\u00eddeo dispon\u00edvel no link: <a href=\"https:\/\/youtu.be\/9rOS7Z5hXWs?si=tQCm_qLI8wzfMN3r\" target=\"_blank\" rel=\"noreferrer noopener\">https:\/\/youtu.be\/9rOS7Z5hXWs?si=tQCm_qLI8wzfMN3r<\/a><\/p>\n\n\n\n<p><\/p>\n\n\n\n<p><\/p>\n\n\n\n<p><\/p>\n\n\n\n<p>\u201c<strong>Funk das Milf\u201d (Video Clipe)<\/strong><\/p>\n\n\n\n<figure class=\"wp-block-image size-large\"><img loading=\"lazy\" decoding=\"async\" width=\"1024\" height=\"576\" src=\"http:\/\/extremidades.art\/x\/lindolforobertonascimento\/wp-content\/uploads\/sites\/22\/2024\/03\/Captura-de-Tela-2024-02-11-a\u0300s-00.25.35-1024x576.png\" alt=\"\" class=\"wp-image-56\" srcset=\"https:\/\/extremidades.art\/x\/lindolforobertonascimento\/wp-content\/uploads\/sites\/22\/2024\/03\/Captura-de-Tela-2024-02-11-a\u0300s-00.25.35-1024x576.png 1024w, https:\/\/extremidades.art\/x\/lindolforobertonascimento\/wp-content\/uploads\/sites\/22\/2024\/03\/Captura-de-Tela-2024-02-11-a\u0300s-00.25.35-300x169.png 300w, https:\/\/extremidades.art\/x\/lindolforobertonascimento\/wp-content\/uploads\/sites\/22\/2024\/03\/Captura-de-Tela-2024-02-11-a\u0300s-00.25.35-768x432.png 768w, https:\/\/extremidades.art\/x\/lindolforobertonascimento\/wp-content\/uploads\/sites\/22\/2024\/03\/Captura-de-Tela-2024-02-11-a\u0300s-00.25.35-1536x864.png 1536w, https:\/\/extremidades.art\/x\/lindolforobertonascimento\/wp-content\/uploads\/sites\/22\/2024\/03\/Captura-de-Tela-2024-02-11-a\u0300s-00.25.35.png 1920w\" sizes=\"auto, (max-width: 1024px) 100vw, 1024px\" \/><\/figure>\n\n\n\n<p>T\u00edtulo: Funk das Milf\u201d<\/p>\n\n\n\n<p>Artista: Lindolfo Roberto Nascimento sob o vulgo \u201cMacna\u201d<\/p>\n\n\n\n<p>Dura\u00e7\u00e3o: 2min53s<\/p>\n\n\n\n<p>Fun\u00e7\u00e3o: Atua\u00e7\u00e3o e produ\u00e7\u00e3o<\/p>\n\n\n\n<p>Coreografia e dan\u00e7a: Let\u00edcia Cipriano<\/p>\n\n\n\n<p>Grava\u00e7\u00e3o: KFF REC<\/p>\n\n\n\n<p>Produ\u00e7\u00e3o: Lindolfo Roberto Nascimento e KFF REC<\/p>\n\n\n\n<p>Assist\u00eancia de Produ\u00e7\u00e3o: Leonardo Aciem<\/p>\n\n\n\n<p>Publicado em 18 de outubro de 2023<\/p>\n\n\n\n<p>V\u00eddeo dispon\u00edvel no link: <a href=\"https:\/\/youtu.be\/388XsB6Uo3o?si=-BlP_7_IoWANMsVB\" target=\"_blank\" rel=\"noreferrer noopener\">https:\/\/youtu.be\/388XsB6Uo3o?si=-BlP_7_IoWANMsVB<\/a><\/p>\n\n\n\n<p><\/p>\n\n\n\n<p><\/p>\n\n\n\n<p><\/p>\n\n\n\n<p>\u201c<strong>Celtinha\u201d (Video Clipe)<\/strong><\/p>\n\n\n\n<figure class=\"wp-block-image size-large\"><img loading=\"lazy\" decoding=\"async\" width=\"1024\" height=\"576\" src=\"http:\/\/extremidades.art\/x\/lindolforobertonascimento\/wp-content\/uploads\/sites\/22\/2024\/03\/Captura-de-Tela-2024-02-11-a\u0300s-00.26.43-1024x576.png\" alt=\"\" class=\"wp-image-57\" srcset=\"https:\/\/extremidades.art\/x\/lindolforobertonascimento\/wp-content\/uploads\/sites\/22\/2024\/03\/Captura-de-Tela-2024-02-11-a\u0300s-00.26.43-1024x576.png 1024w, https:\/\/extremidades.art\/x\/lindolforobertonascimento\/wp-content\/uploads\/sites\/22\/2024\/03\/Captura-de-Tela-2024-02-11-a\u0300s-00.26.43-300x169.png 300w, https:\/\/extremidades.art\/x\/lindolforobertonascimento\/wp-content\/uploads\/sites\/22\/2024\/03\/Captura-de-Tela-2024-02-11-a\u0300s-00.26.43-768x432.png 768w, https:\/\/extremidades.art\/x\/lindolforobertonascimento\/wp-content\/uploads\/sites\/22\/2024\/03\/Captura-de-Tela-2024-02-11-a\u0300s-00.26.43-1536x864.png 1536w, https:\/\/extremidades.art\/x\/lindolforobertonascimento\/wp-content\/uploads\/sites\/22\/2024\/03\/Captura-de-Tela-2024-02-11-a\u0300s-00.26.43.png 1920w\" sizes=\"auto, (max-width: 1024px) 100vw, 1024px\" \/><\/figure>\n\n\n\n<p>T\u00edtulo: \u201cCeltinha\u201d<\/p>\n\n\n\n<p>Artista: Lindolfo Roberto Nascimento sob o vulgo \u201cMacna\u201d<\/p>\n\n\n\n<p>Dura\u00e7\u00e3o: 2min53s<\/p>\n\n\n\n<p>Fun\u00e7\u00e3o: Atua\u00e7\u00e3o e produ\u00e7\u00e3o<\/p>\n\n\n\n<p>Coreografia e dan\u00e7a: Let\u00edcia Cipriano<\/p>\n\n\n\n<p>Grava\u00e7\u00e3o: KFF REC<\/p>\n\n\n\n<p>Produ\u00e7\u00e3o: Lindolfo Roberto Nascimento e KFF REC<\/p>\n\n\n\n<p>Assist\u00eancia de Produ\u00e7\u00e3o: Leonardo Aciem<\/p>\n\n\n\n<p>Publicado em 8 de novembro de 2023<\/p>\n\n\n\n<p>V\u00eddeo dispon\u00edvel no link: <a rel=\"noreferrer noopener\" href=\"https:\/\/youtu.be\/ovP3tJXgy5o?si=cYIQe-fkbif6RyBJ\" target=\"_blank\">https:\/\/youtu.be\/ovP3tJXgy5o?si=cYIQe-fkbif6RyBJ<\/a><\/p>\n\n\n\n<p><\/p>\n\n\n\n<p><\/p>\n\n\n\n<p><\/p>\n\n\n\n<p>\u201c<strong>L\u00edngua no Per\u00edneo\u201d<\/strong> <strong>(Video Clipe)<\/strong><\/p>\n\n\n\n<figure class=\"wp-block-image size-large\"><img loading=\"lazy\" decoding=\"async\" width=\"1024\" height=\"576\" src=\"http:\/\/extremidades.art\/x\/lindolforobertonascimento\/wp-content\/uploads\/sites\/22\/2024\/03\/lingua-no-perineo-1024x576.png\" alt=\"\" class=\"wp-image-67\" srcset=\"https:\/\/extremidades.art\/x\/lindolforobertonascimento\/wp-content\/uploads\/sites\/22\/2024\/03\/lingua-no-perineo-1024x576.png 1024w, https:\/\/extremidades.art\/x\/lindolforobertonascimento\/wp-content\/uploads\/sites\/22\/2024\/03\/lingua-no-perineo-300x169.png 300w, https:\/\/extremidades.art\/x\/lindolforobertonascimento\/wp-content\/uploads\/sites\/22\/2024\/03\/lingua-no-perineo-768x432.png 768w, https:\/\/extremidades.art\/x\/lindolforobertonascimento\/wp-content\/uploads\/sites\/22\/2024\/03\/lingua-no-perineo-1536x864.png 1536w, https:\/\/extremidades.art\/x\/lindolforobertonascimento\/wp-content\/uploads\/sites\/22\/2024\/03\/lingua-no-perineo.png 1920w\" sizes=\"auto, (max-width: 1024px) 100vw, 1024px\" \/><\/figure>\n\n\n\n<p>T\u00edtulo: \u201cL\u00edngua no Per\u00edneo\u201d<\/p>\n\n\n\n<p>Artista: Lindolfo Roberto Nascimento sob o vulgo \u201cMacna\u201d<\/p>\n\n\n\n<p>Dura\u00e7\u00e3o: 2min05s<\/p>\n\n\n\n<p>Fun\u00e7\u00e3o: Atua\u00e7\u00e3o e produ\u00e7\u00e3o<\/p>\n\n\n\n<p>Coreografia e dan\u00e7a: Let\u00edcia Cipriano<\/p>\n\n\n\n<p>Grava\u00e7\u00e3o: KFF REC<\/p>\n\n\n\n<p>Produ\u00e7\u00e3o: Lindolfo Roberto Nascimento e KFF REC<\/p>\n\n\n\n<p>Assist\u00eancia de Produ\u00e7\u00e3o: Leonardo Aciem<\/p>\n\n\n\n<p>Publicado em 22 de novembro de 2023<\/p>\n\n\n\n<p>V\u00eddeo dispon\u00edvel no link: <a href=\"https:\/\/youtu.be\/L9LlU69RBgQ?si=plw96cKPTFSv8JbN\" target=\"_blank\" rel=\"noreferrer noopener\">https:\/\/youtu.be\/L9LlU69RBgQ?si=plw96cKPTFSv8JbN<\/a><\/p>\n\n\n\n<p><\/p>\n\n\n\n<p><\/p>\n\n\n\n<p><\/p>\n\n\n\n<p>\u201c<strong>Olhou, Sorriu\u201d<\/strong> <strong>(Video Clipe)<\/strong><\/p>\n\n\n\n<p>T\u00edtulo: \u201cOlhou, Sorriu\u201d<\/p>\n\n\n\n<p>Artista: Lindolfo Roberto Nascimento sob o vulgo \u201cMacna\u201d<\/p>\n\n\n\n<p>Dura\u00e7\u00e3o: 2min20s<\/p>\n\n\n\n<p>Fun\u00e7\u00e3o: Atua\u00e7\u00e3o e produ\u00e7\u00e3o<\/p>\n\n\n\n<p>Coreografia e dan\u00e7a: Let\u00edcia Cipriano<\/p>\n\n\n\n<p>Grava\u00e7\u00e3o: KFF REC<\/p>\n\n\n\n<p>Produ\u00e7\u00e3o: Lindolfo Roberto Nascimento e KFF REC<\/p>\n\n\n\n<p>Assist\u00eancia de Produ\u00e7\u00e3o: Leonardo Aciem<\/p>\n\n\n\n<p>Publicado em 13 de dezembro de 2023<\/p>\n\n\n\n<p>V\u00eddeo dispon\u00edvel no link: <a href=\"https:\/\/youtu.be\/sR70sRzkP4c?si=68NxYOYzx4ouXJlz\" target=\"_blank\" rel=\"noreferrer noopener\">https:\/\/youtu.be\/sR70sRzkP4c?si=68NxYOYzx4ouXJlz<\/a><\/p>\n\n\n\n<p><\/p>\n\n\n\n<p><\/p>\n\n\n\n<p><\/p>\n\n\n\n<p>\u201c<strong>Gang Bang\u201d (Video Clipe)<\/strong><\/p>\n\n\n\n<figure class=\"wp-block-image size-large\"><img loading=\"lazy\" decoding=\"async\" width=\"1024\" height=\"576\" src=\"http:\/\/extremidades.art\/x\/lindolforobertonascimento\/wp-content\/uploads\/sites\/22\/2024\/03\/Captura-de-Tela-2024-02-11-a\u0300s-00.28.25-1024x576.png\" alt=\"\" class=\"wp-image-58\" srcset=\"https:\/\/extremidades.art\/x\/lindolforobertonascimento\/wp-content\/uploads\/sites\/22\/2024\/03\/Captura-de-Tela-2024-02-11-a\u0300s-00.28.25-1024x576.png 1024w, https:\/\/extremidades.art\/x\/lindolforobertonascimento\/wp-content\/uploads\/sites\/22\/2024\/03\/Captura-de-Tela-2024-02-11-a\u0300s-00.28.25-300x169.png 300w, https:\/\/extremidades.art\/x\/lindolforobertonascimento\/wp-content\/uploads\/sites\/22\/2024\/03\/Captura-de-Tela-2024-02-11-a\u0300s-00.28.25-768x432.png 768w, https:\/\/extremidades.art\/x\/lindolforobertonascimento\/wp-content\/uploads\/sites\/22\/2024\/03\/Captura-de-Tela-2024-02-11-a\u0300s-00.28.25-1536x864.png 1536w, https:\/\/extremidades.art\/x\/lindolforobertonascimento\/wp-content\/uploads\/sites\/22\/2024\/03\/Captura-de-Tela-2024-02-11-a\u0300s-00.28.25.png 1920w\" sizes=\"auto, (max-width: 1024px) 100vw, 1024px\" \/><\/figure>\n\n\n\n<p>T\u00edtulo: \u201cGang Bang\u201d<\/p>\n\n\n\n<p>Artista: Lindolfo Roberto Nascimento sob o vulgo \u201cMacna\u201d<\/p>\n\n\n\n<p>Dura\u00e7\u00e3o: 2min12s<\/p>\n\n\n\n<p>Fun\u00e7\u00e3o: Atua\u00e7\u00e3o e produ\u00e7\u00e3o<\/p>\n\n\n\n<p>Coreografia e dan\u00e7a: Let\u00edcia Cipriano<\/p>\n\n\n\n<p>Grava\u00e7\u00e3o: KFF REC<\/p>\n\n\n\n<p>Produ\u00e7\u00e3o: Lindolfo Roberto Nascimento e KFF REC<\/p>\n\n\n\n<p>Assist\u00eancia de Produ\u00e7\u00e3o: Leonardo Aciem<\/p>\n\n\n\n<p>Publicado em 27 de dezembro de 2023<\/p>\n\n\n\n<p>V\u00eddeo dispon\u00edvel no link: <a href=\"https:\/\/youtu.be\/q2m9FzjDMWU?si=ErmEPKIcHoJcPWOu\" target=\"_blank\" rel=\"noreferrer noopener\">https:\/\/youtu.be\/q2m9FzjDMWU?si=ErmEPKIcHoJcPWOu<\/a><\/p>\n\n\n\n<p><\/p>\n\n\n\n<p><\/p>\n\n\n\n<p><\/p>\n\n\n\n<p>\u201c<strong>Fatos do Funk\u201d (Video Clipe)<\/strong><\/p>\n\n\n\n<figure class=\"wp-block-image size-large\"><img loading=\"lazy\" decoding=\"async\" width=\"1024\" height=\"576\" src=\"http:\/\/extremidades.art\/x\/lindolforobertonascimento\/wp-content\/uploads\/sites\/22\/2024\/03\/Captura-de-Tela-2024-02-11-a\u0300s-00.30.15-1024x576.png\" alt=\"\" class=\"wp-image-59\" srcset=\"https:\/\/extremidades.art\/x\/lindolforobertonascimento\/wp-content\/uploads\/sites\/22\/2024\/03\/Captura-de-Tela-2024-02-11-a\u0300s-00.30.15-1024x576.png 1024w, https:\/\/extremidades.art\/x\/lindolforobertonascimento\/wp-content\/uploads\/sites\/22\/2024\/03\/Captura-de-Tela-2024-02-11-a\u0300s-00.30.15-300x169.png 300w, https:\/\/extremidades.art\/x\/lindolforobertonascimento\/wp-content\/uploads\/sites\/22\/2024\/03\/Captura-de-Tela-2024-02-11-a\u0300s-00.30.15-768x432.png 768w, https:\/\/extremidades.art\/x\/lindolforobertonascimento\/wp-content\/uploads\/sites\/22\/2024\/03\/Captura-de-Tela-2024-02-11-a\u0300s-00.30.15-1536x864.png 1536w, https:\/\/extremidades.art\/x\/lindolforobertonascimento\/wp-content\/uploads\/sites\/22\/2024\/03\/Captura-de-Tela-2024-02-11-a\u0300s-00.30.15.png 1920w\" sizes=\"auto, (max-width: 1024px) 100vw, 1024px\" \/><\/figure>\n\n\n\n<p>T\u00edtulo: \u201cFatos do Funk\u201d<\/p>\n\n\n\n<p>Artista: Lindolfo Roberto Nascimento sob o vulgo \u201cMacna\u201d<\/p>\n\n\n\n<p>Dura\u00e7\u00e3o: 3min55s<\/p>\n\n\n\n<p>Fun\u00e7\u00e3o: Atua\u00e7\u00e3o, produ\u00e7\u00e3o, grava\u00e7\u00e3o e edi\u00e7\u00e3o<\/p>\n\n\n\n<p>Assist\u00eancia de Produ\u00e7\u00e3o: Henri 013<\/p>\n\n\n\n<p>Publicado em 1 de janeiro de 2024<\/p>\n\n\n\n<p>V\u00eddeo dispon\u00edvel no link: <a href=\"https:\/\/youtu.be\/McxLc-6XuCk?si=IRXideXWQ32mQs6v\" target=\"_blank\" rel=\"noreferrer noopener\">https:\/\/youtu.be\/McxLc-6XuCk?si=IRXideXWQ32mQs6v<\/a><\/p>\n\n\n\n<p><\/p>\n\n\n\n<p><\/p>\n\n\n\n<p><\/p>\n\n\n\n<p>\u201c<strong>Bola um do Verde\u201d (Video Clipe)<\/strong><\/p>\n\n\n\n<figure class=\"wp-block-image size-large\"><img loading=\"lazy\" decoding=\"async\" width=\"1024\" height=\"576\" src=\"http:\/\/extremidades.art\/x\/lindolforobertonascimento\/wp-content\/uploads\/sites\/22\/2024\/03\/Captura-de-Tela-2024-02-11-a\u0300s-00.31.19-1024x576.png\" alt=\"\" class=\"wp-image-60\" srcset=\"https:\/\/extremidades.art\/x\/lindolforobertonascimento\/wp-content\/uploads\/sites\/22\/2024\/03\/Captura-de-Tela-2024-02-11-a\u0300s-00.31.19-1024x576.png 1024w, https:\/\/extremidades.art\/x\/lindolforobertonascimento\/wp-content\/uploads\/sites\/22\/2024\/03\/Captura-de-Tela-2024-02-11-a\u0300s-00.31.19-300x169.png 300w, https:\/\/extremidades.art\/x\/lindolforobertonascimento\/wp-content\/uploads\/sites\/22\/2024\/03\/Captura-de-Tela-2024-02-11-a\u0300s-00.31.19-768x432.png 768w, https:\/\/extremidades.art\/x\/lindolforobertonascimento\/wp-content\/uploads\/sites\/22\/2024\/03\/Captura-de-Tela-2024-02-11-a\u0300s-00.31.19-1536x864.png 1536w, https:\/\/extremidades.art\/x\/lindolforobertonascimento\/wp-content\/uploads\/sites\/22\/2024\/03\/Captura-de-Tela-2024-02-11-a\u0300s-00.31.19.png 1920w\" sizes=\"auto, (max-width: 1024px) 100vw, 1024px\" \/><\/figure>\n\n\n\n<p>T\u00edtulo: \u201cBola um do Verde\u201d<\/p>\n\n\n\n<p>Artista: Lindolfo Roberto Nascimento sob o vulgo \u201cMacna\u201d<\/p>\n\n\n\n<p>Dura\u00e7\u00e3o: 1min45s<\/p>\n\n\n\n<p>Fun\u00e7\u00e3o: Atua\u00e7\u00e3o, produ\u00e7\u00e3o, grava\u00e7\u00e3o e edi\u00e7\u00e3o<\/p>\n\n\n\n<p>Publicado em 1 de fevereiro de 2024<\/p>\n\n\n\n<p>V\u00eddeo dispon\u00edvel no link: <a href=\"https:\/\/youtu.be\/OY6rVZV5-0w?si=ZaCh1VMN-idZs8Tj\" target=\"_blank\" rel=\"noreferrer noopener\">https:\/\/youtu.be\/OY6rVZV5-0w?si=ZaCh1VMN-idZs8Tj<\/a><\/p>\n\n\n\n<p><\/p>\n\n\n\n<p><\/p>\n\n\n\n<p><\/p>\n\n\n\n<p>\u201c<strong>Hey Man\u00e9\u201d (Video Clipe)<\/strong><\/p>\n\n\n\n<figure class=\"wp-block-image size-large\"><img loading=\"lazy\" decoding=\"async\" width=\"1024\" height=\"576\" src=\"http:\/\/extremidades.art\/x\/lindolforobertonascimento\/wp-content\/uploads\/sites\/22\/2024\/03\/Captura-de-Tela-2024-02-11-a\u0300s-00.32.56-1024x576.png\" alt=\"\" class=\"wp-image-61\" srcset=\"https:\/\/extremidades.art\/x\/lindolforobertonascimento\/wp-content\/uploads\/sites\/22\/2024\/03\/Captura-de-Tela-2024-02-11-a\u0300s-00.32.56-1024x576.png 1024w, https:\/\/extremidades.art\/x\/lindolforobertonascimento\/wp-content\/uploads\/sites\/22\/2024\/03\/Captura-de-Tela-2024-02-11-a\u0300s-00.32.56-300x169.png 300w, https:\/\/extremidades.art\/x\/lindolforobertonascimento\/wp-content\/uploads\/sites\/22\/2024\/03\/Captura-de-Tela-2024-02-11-a\u0300s-00.32.56-768x432.png 768w, https:\/\/extremidades.art\/x\/lindolforobertonascimento\/wp-content\/uploads\/sites\/22\/2024\/03\/Captura-de-Tela-2024-02-11-a\u0300s-00.32.56-1536x864.png 1536w, https:\/\/extremidades.art\/x\/lindolforobertonascimento\/wp-content\/uploads\/sites\/22\/2024\/03\/Captura-de-Tela-2024-02-11-a\u0300s-00.32.56.png 1920w\" sizes=\"auto, (max-width: 1024px) 100vw, 1024px\" \/><\/figure>\n\n\n\n<p>T\u00edtulo: \u201cHey Man\u00e9\u201d<\/p>\n\n\n\n<p>Artista: Lindolfo Roberto Nascimento sob o vulgo \u201cMacna\u201d<\/p>\n\n\n\n<p>Dura\u00e7\u00e3o: 1min45s<\/p>\n\n\n\n<p>Fun\u00e7\u00e3o: Grava\u00e7\u00e3o e edi\u00e7\u00e3o<\/p>\n\n\n\n<p>Cachorros (por ordem de apari\u00e7\u00e3o): Panda, Jake e Tuba<\/p>\n\n\n\n<p>Publicado em 19 de fevereiro de 2024<\/p>\n\n\n\n<p>V\u00eddeo dispon\u00edvel no link: <a href=\"https:\/\/youtu.be\/xQJ3yje0c5o\" target=\"_blank\" rel=\"noreferrer noopener\">https:\/\/youtu.be\/xQJ3yje0c5o<\/a><\/p>\n\n\n\n<p><\/p>\n\n\n\n<p><\/p>\n\n\n\n<p>\u201c<strong>No Baile do Mete Gala\/Cooktop\u201d (Video Clipe)<\/strong><\/p>\n\n\n\n<figure class=\"wp-block-image size-large\"><img loading=\"lazy\" decoding=\"async\" width=\"1024\" height=\"573\" src=\"https:\/\/extremidades.art\/x\/lindolforobertonascimento\/wp-content\/uploads\/sites\/22\/2024\/03\/image-1024x573.png\" alt=\"\" class=\"wp-image-181\" srcset=\"https:\/\/extremidades.art\/x\/lindolforobertonascimento\/wp-content\/uploads\/sites\/22\/2024\/03\/image-1024x573.png 1024w, https:\/\/extremidades.art\/x\/lindolforobertonascimento\/wp-content\/uploads\/sites\/22\/2024\/03\/image-300x168.png 300w, https:\/\/extremidades.art\/x\/lindolforobertonascimento\/wp-content\/uploads\/sites\/22\/2024\/03\/image-768x430.png 768w, https:\/\/extremidades.art\/x\/lindolforobertonascimento\/wp-content\/uploads\/sites\/22\/2024\/03\/image-1536x860.png 1536w, https:\/\/extremidades.art\/x\/lindolforobertonascimento\/wp-content\/uploads\/sites\/22\/2024\/03\/image.png 1919w\" sizes=\"auto, (max-width: 1024px) 100vw, 1024px\" \/><\/figure>\n\n\n\n<p>T\u00edtulo: \u201cNo Baile do Mete Gala\/Cooktop\u201d<\/p>\n\n\n\n<p>Artista: Lindolfo Roberto Nascimento sob o vulgo \u201cMacna\u201d<\/p>\n\n\n\n<p>Dura\u00e7\u00e3o: 1min57s<\/p>\n\n\n\n<p>Fun\u00e7\u00e3o: Grava\u00e7\u00e3o e edi\u00e7\u00e3o<\/p>\n\n\n\n<p>Publicado em 25 de maio de 2025<\/p>\n\n\n\n<p>V\u00eddeo dispon\u00edvel no link: <a href=\"https:\/\/www.youtube.com\/watch?v=qQJ7V0pjBfA\">https:\/\/www.youtube.com\/watch?v=qQJ7V0pjBfA<\/a><\/p>\n","protected":false},"excerpt":{"rendered":"<p>\u201cCartilha do estrangulamento\u201d (Video Performance) Sinopse: Video performance realizada no segundo semestre de 2018 que trata de opress\u00f5es vividas por mulheres, abordando os mais diversos \u00e2mbitos: dom\u00e9stico, art\u00edstico e religioso. O registro, feito por celulares, se desdobrou em uma segunda camada de performance pela forma de edi\u00e7\u00e3o, atravessada por ru\u00eddos geradores de sentidos outros. Dire\u00e7\u00e3o: [&hellip;]<\/p>\n","protected":false},"author":24,"featured_media":0,"comment_status":"closed","ping_status":"closed","sticky":false,"template":"","format":"standard","meta":{"footnotes":""},"categories":[1],"tags":[],"class_list":["post-30","post","type-post","status-publish","hentry","category-obralindolforn"],"_links":{"self":[{"href":"https:\/\/extremidades.art\/x\/lindolforobertonascimento\/wp-json\/wp\/v2\/posts\/30","targetHints":{"allow":["GET"]}}],"collection":[{"href":"https:\/\/extremidades.art\/x\/lindolforobertonascimento\/wp-json\/wp\/v2\/posts"}],"about":[{"href":"https:\/\/extremidades.art\/x\/lindolforobertonascimento\/wp-json\/wp\/v2\/types\/post"}],"author":[{"embeddable":true,"href":"https:\/\/extremidades.art\/x\/lindolforobertonascimento\/wp-json\/wp\/v2\/users\/24"}],"replies":[{"embeddable":true,"href":"https:\/\/extremidades.art\/x\/lindolforobertonascimento\/wp-json\/wp\/v2\/comments?post=30"}],"version-history":[{"count":6,"href":"https:\/\/extremidades.art\/x\/lindolforobertonascimento\/wp-json\/wp\/v2\/posts\/30\/revisions"}],"predecessor-version":[{"id":183,"href":"https:\/\/extremidades.art\/x\/lindolforobertonascimento\/wp-json\/wp\/v2\/posts\/30\/revisions\/183"}],"wp:attachment":[{"href":"https:\/\/extremidades.art\/x\/lindolforobertonascimento\/wp-json\/wp\/v2\/media?parent=30"}],"wp:term":[{"taxonomy":"category","embeddable":true,"href":"https:\/\/extremidades.art\/x\/lindolforobertonascimento\/wp-json\/wp\/v2\/categories?post=30"},{"taxonomy":"post_tag","embeddable":true,"href":"https:\/\/extremidades.art\/x\/lindolforobertonascimento\/wp-json\/wp\/v2\/tags?post=30"}],"curies":[{"name":"wp","href":"https:\/\/api.w.org\/{rel}","templated":true}]}}