{"id":28,"date":"2024-03-12T03:37:00","date_gmt":"2024-03-12T06:37:00","guid":{"rendered":"https:\/\/extremidades.art\/x\/lindolforobertonascimento\/?p=28"},"modified":"2025-11-10T02:35:34","modified_gmt":"2025-11-10T05:35:34","slug":"musica","status":"publish","type":"post","link":"https:\/\/extremidades.art\/x\/lindolforobertonascimento\/2024\/03\/12\/musica\/","title":{"rendered":"M\u00daSICA"},"content":{"rendered":"\n<p><\/p>\n\n\n\n<p class=\"has-text-align-center\">\u201c<strong>Bala de Prata\u201d &#8211; 2025 (\u00e1lbum, sob o vulgo Macna)<\/strong><\/p>\n\n\n<div class=\"wp-block-image\">\n<figure class=\"aligncenter size-large is-resized\"><img loading=\"lazy\" decoding=\"async\" width=\"1024\" height=\"1024\" src=\"https:\/\/extremidades.art\/x\/lindolforobertonascimento\/wp-content\/uploads\/sites\/22\/2024\/03\/BALA-DE-PRATA-FINAL_20241120_013733_0000-1024x1024.jpg\" alt=\"\" class=\"wp-image-186\" style=\"width:457px;height:auto\" srcset=\"https:\/\/extremidades.art\/x\/lindolforobertonascimento\/wp-content\/uploads\/sites\/22\/2024\/03\/BALA-DE-PRATA-FINAL_20241120_013733_0000-1024x1024.jpg 1024w, https:\/\/extremidades.art\/x\/lindolforobertonascimento\/wp-content\/uploads\/sites\/22\/2024\/03\/BALA-DE-PRATA-FINAL_20241120_013733_0000-300x300.jpg 300w, https:\/\/extremidades.art\/x\/lindolforobertonascimento\/wp-content\/uploads\/sites\/22\/2024\/03\/BALA-DE-PRATA-FINAL_20241120_013733_0000-150x150.jpg 150w, https:\/\/extremidades.art\/x\/lindolforobertonascimento\/wp-content\/uploads\/sites\/22\/2024\/03\/BALA-DE-PRATA-FINAL_20241120_013733_0000-768x768.jpg 768w, https:\/\/extremidades.art\/x\/lindolforobertonascimento\/wp-content\/uploads\/sites\/22\/2024\/03\/BALA-DE-PRATA-FINAL_20241120_013733_0000-1536x1536.jpg 1536w, https:\/\/extremidades.art\/x\/lindolforobertonascimento\/wp-content\/uploads\/sites\/22\/2024\/03\/BALA-DE-PRATA-FINAL_20241120_013733_0000-2048x2048.jpg 2048w, https:\/\/extremidades.art\/x\/lindolforobertonascimento\/wp-content\/uploads\/sites\/22\/2024\/03\/BALA-DE-PRATA-FINAL_20241120_013733_0000-500x500.jpg 500w\" sizes=\"auto, (max-width: 1024px) 100vw, 1024px\" \/><\/figure>\n<\/div>\n\n\n<p>Sinopse: Em seu quinto trabalho de est\u00fadio sob o vulgo MACNA,  Lindolfo Roberto Nascimento dividiu em duas facetas, sendo as 6 primeiras m\u00fasicas orientadas por seu funk, que caminha entre as vertentes mandela paulistano, batid\u00e3o carioca e o funk pop; a surpresa fica para as 5 m\u00fasicas que comp\u00f5em a segunda metade do \u00e1lbum, que se orientam mais para o rap, com os p\u00e9s ainda no funk consciente, com batidas de drill e de trap.  Neste trabalho MACNA d\u00e1 um passo mais firme no sentido de ampliar seus horizontes musicais, principalmente no sentido de fazer m\u00fasica s\u00e9ria, com sentido social, conversando com as dificuldades da periferia e fazendo cr\u00edticas ao capitalismo, que faz v\u00edtimas principalmente nas quebradas, entre as pessoas pretas e pobres. No entanto, Macna antes nos lembra que \u00e9 antes de mais nada um artista do funk, que brinca, fala sobre a noite, sobre o tes\u00e3o e os desejos mais mundanos. &#8220;Bala de Prata&#8221; \u00e9 funk, mas tamb\u00e9m \u00e9 mais, e \u00e9 sempre periferia. <\/p>\n\n\n\n<p>Artista: Macna<\/p>\n\n\n\n<p>T\u00edtulo: Bala de Prata<\/p>\n\n\n\n<p>Produ\u00e7\u00e3o: Onze Maestro, Andr\u00e9 Otoni e DJ Neizinho MD<\/p>\n\n\n\n<p>Lan\u00e7amento: 30 de Setembro de 2025<\/p>\n\n\n\n<p>Faixas: 1- No Baile do Mete Gala \/ Cooktop; 2- S\u00f3 Porradinha Nela (de Levinho); 3- Vudu \u00e9 Pra Jacu; 4- De Cal\u00e7a de Tactel; 5- Faz Minha Cabe\u00e7a (Chazinho de BCT); 6- Olha S\u00f3 (273 &#8211; Jardim Robru) 7- S\u00edndrome de Quimera (Ode a Max Mallmann); 8- Um Flow (Keep Your Head On) ; 9- Bala de Prata; 10- A Venda; 11- Excessos e Exce\u00e7\u00f5es Tattoo Studio<\/p>\n\n\n\n<p>Dura\u00e7\u00e3o: 29 min.<\/p>\n\n\n\n<p>Dispon\u00edvel em: Youtube, Spotify, Deezer, Amazon Prime, Tidal e outros servi\u00e7os digitais de m\u00fasica.<\/p>\n\n\n\n<p><\/p>\n\n\n\n<p class=\"has-text-align-center\">\u201c<strong>Revide\u201d &#8211; 2025 (\u00e1lbum, sob o vulgo Macna)<\/strong><\/p>\n\n\n<div class=\"wp-block-image\">\n<figure class=\"aligncenter size-large is-resized\"><img loading=\"lazy\" decoding=\"async\" width=\"1024\" height=\"1024\" src=\"https:\/\/extremidades.art\/x\/lindolforobertonascimento\/wp-content\/uploads\/sites\/22\/2024\/03\/REVIDE-FINAL_20241120_013641_0000-1024x1024.jpg\" alt=\"\" class=\"wp-image-145\" style=\"width:458px;height:auto\" srcset=\"https:\/\/extremidades.art\/x\/lindolforobertonascimento\/wp-content\/uploads\/sites\/22\/2024\/03\/REVIDE-FINAL_20241120_013641_0000-1024x1024.jpg 1024w, https:\/\/extremidades.art\/x\/lindolforobertonascimento\/wp-content\/uploads\/sites\/22\/2024\/03\/REVIDE-FINAL_20241120_013641_0000-300x300.jpg 300w, https:\/\/extremidades.art\/x\/lindolforobertonascimento\/wp-content\/uploads\/sites\/22\/2024\/03\/REVIDE-FINAL_20241120_013641_0000-150x150.jpg 150w, https:\/\/extremidades.art\/x\/lindolforobertonascimento\/wp-content\/uploads\/sites\/22\/2024\/03\/REVIDE-FINAL_20241120_013641_0000-768x768.jpg 768w, https:\/\/extremidades.art\/x\/lindolforobertonascimento\/wp-content\/uploads\/sites\/22\/2024\/03\/REVIDE-FINAL_20241120_013641_0000-1536x1536.jpg 1536w, https:\/\/extremidades.art\/x\/lindolforobertonascimento\/wp-content\/uploads\/sites\/22\/2024\/03\/REVIDE-FINAL_20241120_013641_0000-2048x2048.jpg 2048w, https:\/\/extremidades.art\/x\/lindolforobertonascimento\/wp-content\/uploads\/sites\/22\/2024\/03\/REVIDE-FINAL_20241120_013641_0000-500x500.jpg 500w\" sizes=\"auto, (max-width: 1024px) 100vw, 1024px\" \/><\/figure>\n<\/div>\n\n\n<p>Sinopse: Exatos seis meses ap\u00f3s seu trabalho anterior, sai &#8220;Revide&#8221;, quarto \u00e1lbum de Lindolfo Roberto Nascimento sob o vulgo MACNA. Criado nas mesmas sess\u00f5es de grava\u00e7\u00e3o de &#8220;Cabuloso&#8221;(2024), &#8220;Revide&#8221; funciona como uma esp\u00e9cie de contraparte do trabalho que o precede, mas agora destacando uma vis\u00e3o mais cr\u00edtica em m\u00fasica urbana de periferia.  O time de produ\u00e7\u00e3o segue sendo os mesmos da KFF REC: os m\u00fasicos e produtores Onze Maestro e Andr\u00e9 Otoni.  Aqui, ao longo dessas novas 9 faixas, Macna demonstra a raz\u00e3o de se entender como uma surpresa na m\u00fasica urbana atual: abre o trabalho com &#8220;Azar da Vizinhan\u00e7a&#8221;, um  breakcore que relata os conflitos dos jovens funkeiros com a repress\u00e3o policial nos bailes de rua;  em &#8220;Pr\u00f3ximo N\u00edvel&#8221; o alvo \u00e9 o estrago feito pela gan\u00e2ncia capitalista no solo de determinados bairros de Macei\u00f3; &#8220;Malabares&#8221; \u00e9 um Funk consciente que olha para um menino no farol, a contemplar dois caminhos para sua vida; j\u00e1 em &#8220;Funil&#8221; h\u00e1 a transposi\u00e7\u00e3o da cultura cyberpunk do in\u00edcio dos anos 2000 para a Zona Leste de S\u00e3o Paulo de 2025; em &#8220;Sou da Paz&#8221; acompanhamos um funk atrav\u00e9s do narrador que d\u00e1 a letra para um camarada talarico vacil\u00e3o da quebrada; na sequ\u00eancia, entre o rap e o pop, temos a dobradinha rom\u00e2ntica &#8220;Esse \u00e9 o Fim do Mundo&#8221; e &#8220;Doce (S\u00f3 N\u00f3s Dois)&#8221; apresentando outras facetas do artista; para fechar o \u00e1lbum, Macna nos apresenta o rap &#8220;Nova Trama&#8221; como uma tentativa de respiro e de resgate espiritual, seguida de &#8220;Glitch&#8221;, outra m\u00fasica com influ\u00eancia da batida breakcore, mas agora pensando em um mundo em falha, a ponto de quebrar. Em &#8220;Revide&#8221; vemos um Macna cada vez mais interessado em novas tem\u00e1ticas e camadas poss\u00edveis para sua obra art\u00edstica.<\/p>\n\n\n\n<p>Artista: Macna<\/p>\n\n\n\n<p>T\u00edtulo: Revide<\/p>\n\n\n\n<p>Produ\u00e7\u00e3o: Onze Maestro e Andr\u00e9 Otoni<\/p>\n\n\n\n<p>Lan\u00e7amento: 7 de Maio de 2025<\/p>\n\n\n\n<p>Faixas: 1- Azar da Vizinhan\u00e7a; 2- Pr\u00f3ximo N\u00edvel; 3- Malabares; 4- Funil; 5- Sou da Paz; 6- Esse \u00e9 o Fim do Mundo; 7- Doce (S\u00f3 N\u00f3s Dois); 8- Nova Trama; 9- Glitch<\/p>\n\n\n\n<p>Dura\u00e7\u00e3o: 22 min.<\/p>\n\n\n\n<p>Dispon\u00edvel em: Youtube, Spotify, Deezer, Amazon Prime, Tidal e outros servi\u00e7os digitais de m\u00fasica.<\/p>\n\n\n\n<p><\/p>\n\n\n\n<p><\/p>\n\n\n\n<p><\/p>\n\n\n\n<p class=\"has-text-align-center\">\u201c<strong>Cabuloso\u201d &#8211; 2024 (\u00e1lbum, sob o vulgo Macna)<\/strong><\/p>\n\n\n<div class=\"wp-block-image\">\n<figure class=\"aligncenter size-large is-resized\"><img loading=\"lazy\" decoding=\"async\" width=\"1024\" height=\"1024\" src=\"https:\/\/extremidades.art\/x\/lindolforobertonascimento\/wp-content\/uploads\/sites\/22\/2024\/03\/CABULOSO-FINAL-FINAL-FINAL-1024x1024.png\" alt=\"\" class=\"wp-image-110\" style=\"width:451px;height:auto\" srcset=\"https:\/\/extremidades.art\/x\/lindolforobertonascimento\/wp-content\/uploads\/sites\/22\/2024\/03\/CABULOSO-FINAL-FINAL-FINAL-1024x1024.png 1024w, https:\/\/extremidades.art\/x\/lindolforobertonascimento\/wp-content\/uploads\/sites\/22\/2024\/03\/CABULOSO-FINAL-FINAL-FINAL-300x300.png 300w, https:\/\/extremidades.art\/x\/lindolforobertonascimento\/wp-content\/uploads\/sites\/22\/2024\/03\/CABULOSO-FINAL-FINAL-FINAL-150x150.png 150w, https:\/\/extremidades.art\/x\/lindolforobertonascimento\/wp-content\/uploads\/sites\/22\/2024\/03\/CABULOSO-FINAL-FINAL-FINAL-768x768.png 768w, https:\/\/extremidades.art\/x\/lindolforobertonascimento\/wp-content\/uploads\/sites\/22\/2024\/03\/CABULOSO-FINAL-FINAL-FINAL-1536x1536.png 1536w, https:\/\/extremidades.art\/x\/lindolforobertonascimento\/wp-content\/uploads\/sites\/22\/2024\/03\/CABULOSO-FINAL-FINAL-FINAL-2048x2048.png 2048w, https:\/\/extremidades.art\/x\/lindolforobertonascimento\/wp-content\/uploads\/sites\/22\/2024\/03\/CABULOSO-FINAL-FINAL-FINAL-500x500.png 500w\" sizes=\"auto, (max-width: 1024px) 100vw, 1024px\" \/><\/figure>\n<\/div>\n\n\n<p>Sinopse: Terceiro \u00e1lbum sob o vulgo MACNA (e segundo no ano de 2024), agora contando com a adi\u00e7\u00e3o do j\u00e1 veterano produtor de funk DJ Neizinho MD em algumas faixas, vindo para somar ao trabalho que j\u00e1 vinha sendo realizado em parceria com Onze Maestro e Andr\u00e9 Otoni, mas n\u00e3o falamos unicamente de funk: ao longo de 9 faixas, Macna desfila em &#8220;Cabuloso&#8221; mais uma vez a amplitude de sua pesquisa sonora em m\u00fasica urbana e m\u00fasica realmente popular: apresentando aqui seu primeiro piseiro, (&#8220;Boquinha do Amor&#8221;); bem como um cruzamento muito bem sacado da batida do funk com a guitarra do rock (&#8220;Papai Noel Chegou em Abril&#8221;); um rap alternativo em forma de conselho para a galera mais nova que curte seu som (&#8220;Pprt&#8221;); um funk pop para Dennis DJ nenhum botar defeito (&#8220;Movimento Acelerado &#8211; Hoje Eu Quero Te Ter&#8221;) e at\u00e9 uma flagrante influ\u00eancia do beatmaker e produtor Oldilla (&#8220;F\u00e9 nas Maluca, F\u00e9 nas Piranha&#8221;). As letras seguem em sua maioria ainda brincalhonas e desconstrutivas de certos clich\u00eas do estilo, mas come\u00e7am a apontar para a possibilidade de letras mais s\u00e9rias em trabalhos futuros.<\/p>\n\n\n\n<p>Artista: Macna<\/p>\n\n\n\n<p>T\u00edtulo: Cabuloso<\/p>\n\n\n\n<p>Produ\u00e7\u00e3o: Onze Maestro e Andr\u00e9 Otoni<\/p>\n\n\n\n<p>Lan\u00e7amento: 7 de Novembro de 2024<\/p>\n\n\n\n<p>Faixas: 1- Piranha Executiva; 2- Cabuloso (Seu Rebolado Vai Me Deixar no Osso); 3- Movimento Acelerado (Hoje Eu Quero Te Ter); 4- F\u00e9 nas Maluca, F\u00e9 nas Piranha; 5- V\u00e2nia da Scania (Eu N\u00e3o Curto Porsche); 6- Papai Noel Chegou em Abril; 7- Boquinha do Amor; 8- Doutora Adamis; 9- Pprt<\/p>\n\n\n\n<p>Dura\u00e7\u00e3o: 20 min.<\/p>\n\n\n\n<p>Dispon\u00edvel em: Youtube, Spotify, Deezer, Amazon Prime, Tidal e outros servi\u00e7os digitais de m\u00fasica.<\/p>\n\n\n\n<p><a href=\"https:\/\/open.spotify.com\/intl-pt\/album\/4YqWAo7i8WN020vcJCQhx7?si=LnLkSiC7S6GIr8KaHZGQdw\" data-type=\"URL\" data-id=\"https:\/\/open.spotify.com\/album\/2yob06KDY7PEPt1PBCDfxw?si=qeMDjsbiTtK_bD4EhOjeDg\" target=\"_blank\" rel=\"noreferrer noopener\">Clique aqui para ouvir no Spotify<\/a><\/p>\n\n\n\n<p><a href=\"https:\/\/youtube.com\/playlist?list=OLAK5uy_n_8FDW28RGWRG9LNRCVfzh-6L5bpxlRS0&amp;si=7RVoYXA-MkWGk-nz\" data-type=\"URL\" data-id=\"https:\/\/www.youtube.com\/watch?v=ooIis9dNao4&amp;list=OLAK5uy_lkpzMhp2QHcRBkBqQDeEA5Sje-hWClCyk\" target=\"_blank\" rel=\"noreferrer noopener\">Clique aqui para ouvir no Youtube<\/a><\/p>\n\n\n\n<p><\/p>\n\n\n\n<p class=\"has-text-align-center\">\u201c<strong>Emba\u00e7ado\u201d &#8211; 2024 (\u00e1lbum, sob o vulgo Macna)<\/strong><\/p>\n\n\n<div class=\"wp-block-image\">\n<figure class=\"aligncenter size-large is-resized\"><img loading=\"lazy\" decoding=\"async\" width=\"1024\" height=\"1024\" src=\"https:\/\/extremidades.art\/x\/lindolforobertonascimento\/wp-content\/uploads\/sites\/22\/2024\/09\/EMBAC\u0327ADO-19-1024x1024.png\" alt=\"\" class=\"wp-image-101\" style=\"width:451px;height:451px\" srcset=\"https:\/\/extremidades.art\/x\/lindolforobertonascimento\/wp-content\/uploads\/sites\/22\/2024\/09\/EMBAC\u0327ADO-19-1024x1024.png 1024w, https:\/\/extremidades.art\/x\/lindolforobertonascimento\/wp-content\/uploads\/sites\/22\/2024\/09\/EMBAC\u0327ADO-19-300x300.png 300w, https:\/\/extremidades.art\/x\/lindolforobertonascimento\/wp-content\/uploads\/sites\/22\/2024\/09\/EMBAC\u0327ADO-19-150x150.png 150w, https:\/\/extremidades.art\/x\/lindolforobertonascimento\/wp-content\/uploads\/sites\/22\/2024\/09\/EMBAC\u0327ADO-19-768x768.png 768w, https:\/\/extremidades.art\/x\/lindolforobertonascimento\/wp-content\/uploads\/sites\/22\/2024\/09\/EMBAC\u0327ADO-19-1536x1536.png 1536w, https:\/\/extremidades.art\/x\/lindolforobertonascimento\/wp-content\/uploads\/sites\/22\/2024\/09\/EMBAC\u0327ADO-19-2048x2048.png 2048w, https:\/\/extremidades.art\/x\/lindolforobertonascimento\/wp-content\/uploads\/sites\/22\/2024\/09\/EMBAC\u0327ADO-19-500x500.png 500w\" sizes=\"auto, (max-width: 1024px) 100vw, 1024px\" \/><\/figure>\n<\/div>\n\n\n<p>Sinopse: Segundo \u00e1lbum musical do estilo funk brasileiro. Composto por 10 faixas, neste trabalho o artista ampliou a barra de nonsense de suas letras, al\u00e9m aprofundar o trabalho j\u00e1 feito anteriormente, o artista buscou ampliar a gama de estilos musicais contemplados, trabalhando dessa vez letras do estilo consciente, como em &#8220;Pega a Vis\u00e3o&#8221; e &#8221; Fatos do Funk&#8221;, e apresenta um funk melody em &#8220;Pega na Minha Pipa&#8221;, al\u00e9m de fazer uma cr\u00edtica \u00e0 cultura da ostenta\u00e7\u00e3o no trap &#8220;Di\u00earo&#8221;. Macna ainda questiona a masculinidade fr\u00e1gil em &#8220;Dedo no Cu&#8221;, e apresenta uma balada eletr\u00f4nica com batida breakcore em &#8220;Fragr\u00e2ncia Osklen&#8221;.<\/p>\n\n\n\n<p>Artista: Macna<\/p>\n\n\n\n<p>T\u00edtulo: Emba\u00e7ado<\/p>\n\n\n\n<p>Produ\u00e7\u00e3o: Onze Maestro e Andr\u00e9 Otoni<\/p>\n\n\n\n<p>Lan\u00e7amento: 22 de Junho de 2024<\/p>\n\n\n\n<p>Faixas: 1- Hey Man\u00e9; 2- Vara Criminal; 3- Dedo no Cu; 4- Pega na Minha Pipa; 5- Disciplina; 6- Di\u00earo; 7- Fragr\u00e2ncia Osklen; 8- Bola um do Verde; 9- Pega a Vis\u00e3o; 10- Fatos do Funk; <\/p>\n\n\n\n<p>Dura\u00e7\u00e3o: 23 min.<\/p>\n\n\n\n<p>Dispon\u00edvel em: Youtube, Spotify, Deezer, Amazon Prime, Tidal e outros servi\u00e7os digitais de m\u00fasica.<\/p>\n\n\n\n<p><a href=\"https:\/\/open.spotify.com\/album\/2yob06KDY7PEPt1PBCDfxw?si=qeMDjsbiTtK_bD4EhOjeDg\" data-type=\"URL\" data-id=\"https:\/\/open.spotify.com\/album\/2yob06KDY7PEPt1PBCDfxw?si=qeMDjsbiTtK_bD4EhOjeDg\" target=\"_blank\" rel=\"noreferrer noopener\">Clique aqui para ouvir no Spotify<\/a><\/p>\n\n\n\n<p><a href=\"https:\/\/www.youtube.com\/watch?v=ooIis9dNao4&amp;list=OLAK5uy_lkpzMhp2QHcRBkBqQDeEA5Sje-hWClCyk\" data-type=\"URL\" data-id=\"https:\/\/www.youtube.com\/watch?v=ooIis9dNao4&amp;list=OLAK5uy_lkpzMhp2QHcRBkBqQDeEA5Sje-hWClCyk\" target=\"_blank\" rel=\"noreferrer noopener\">Clique aqui para ouvir no Youtube<\/a><\/p>\n\n\n\n<p><\/p>\n\n\n\n<p class=\"has-text-align-center\">\u201c<strong>Sptacular\u201d &#8211; 2023 (\u00e1lbum, sob o vulgo Macna)<\/strong><\/p>\n\n\n<div class=\"wp-block-image\">\n<figure class=\"aligncenter size-large is-resized\"><img loading=\"lazy\" decoding=\"async\" width=\"1024\" height=\"1024\" src=\"http:\/\/extremidades.art\/x\/lindolforobertonascimento\/wp-content\/uploads\/sites\/22\/2024\/03\/MACNA-SPTACULAR-1024x1024.png\" alt=\"\" class=\"wp-image-63\" style=\"width:444px;height:444px\" srcset=\"https:\/\/extremidades.art\/x\/lindolforobertonascimento\/wp-content\/uploads\/sites\/22\/2024\/03\/MACNA-SPTACULAR-1024x1024.png 1024w, https:\/\/extremidades.art\/x\/lindolforobertonascimento\/wp-content\/uploads\/sites\/22\/2024\/03\/MACNA-SPTACULAR-300x300.png 300w, https:\/\/extremidades.art\/x\/lindolforobertonascimento\/wp-content\/uploads\/sites\/22\/2024\/03\/MACNA-SPTACULAR-150x150.png 150w, https:\/\/extremidades.art\/x\/lindolforobertonascimento\/wp-content\/uploads\/sites\/22\/2024\/03\/MACNA-SPTACULAR-768x768.png 768w, https:\/\/extremidades.art\/x\/lindolforobertonascimento\/wp-content\/uploads\/sites\/22\/2024\/03\/MACNA-SPTACULAR-1536x1536.png 1536w, https:\/\/extremidades.art\/x\/lindolforobertonascimento\/wp-content\/uploads\/sites\/22\/2024\/03\/MACNA-SPTACULAR-2048x2048.png 2048w, https:\/\/extremidades.art\/x\/lindolforobertonascimento\/wp-content\/uploads\/sites\/22\/2024\/03\/MACNA-SPTACULAR-500x500.png 500w\" sizes=\"auto, (max-width: 1024px) 100vw, 1024px\" \/><\/figure>\n<\/div>\n\n\n<p>Sinopse: \u00c1lbum musical do estilo funk brasileiro, em que o artista Lindolfo Roberto Nascimento se lan\u00e7a sob o vulgo Macna. Composto por 11 faixas que v\u00e3o do estilo Volt Mix, passando pelo batid\u00e3o, funk de palminha e mandel\u00e3o, com intersec\u00e7\u00f5es com outros estilos musicais, como o house, o frevo e o rock.<\/p>\n\n\n\n<p>Artista: Macna<\/p>\n\n\n\n<p>T\u00edtulo: Sptacular<\/p>\n\n\n\n<p>Produ\u00e7\u00e3o: Onze Maestro e Andr\u00e9 Otoni<\/p>\n\n\n\n<p>Lan\u00e7amento: 8 de Dezembro de 2023<\/p>\n\n\n\n<p>Faixas: 1- Enverga + N Quebra; 2- Tattoo (Tatu em seu buraco); 3- I Have a Dream; 4- O fusca Ofusca; 5- Mercado de Cu; 6- Funk das Milf; 7- L\u00edngua no Per\u00edneo; 8- Celtinha; 9- Gang Bang; 10- Olhou, Sorriu; 11- V\u00e1rias Fita, Pocas Ideia<\/p>\n\n\n\n<p>Dura\u00e7\u00e3o: 23 min.<\/p>\n\n\n\n<p>Dispon\u00edvel em: Youtube, Spotify, Deezer, Amazon Prime, Tidal e outros servi\u00e7os digitais de m\u00fasica.<\/p>\n\n\n\n<p><\/p>\n\n\n\n<p><a href=\"https:\/\/open.spotify.com\/intl-pt\/album\/1SBTtCPLha6jU3Nq9EBdAk?si=Lgc-VphDR2ax_24ydtStgA\" data-type=\"URL\" data-id=\"https:\/\/open.spotify.com\/album\/2MzrKK9IUr6oEsrJhvZTM3?si=AjberfPIQl-lbZFvaeytag\" target=\"_blank\" rel=\"noreferrer noopener\">Clique aqui para ouvir no Spotify<\/a><\/p>\n\n\n\n<p><a href=\"https:\/\/www.youtube.com\/watch?v=Xe9CJFboB2s&amp;list=OLAK5uy_kO_Km1PcLLlsc49TSWdXDk1c1624BNkbE\" data-type=\"URL\" data-id=\"https:\/\/www.youtube.com\/watch?v=Xe9CJFboB2s&amp;list=OLAK5uy_kO_Km1PcLLlsc49TSWdXDk1c1624BNkbE\" target=\"_blank\" rel=\"noreferrer noopener\">Clique aqui para ouvir no Youtube<\/a><\/p>\n\n\n\n<p><\/p>\n\n\n\n<p class=\"has-text-align-center\">\u201c<strong>A Coisa X\u201d<\/strong> <strong>&#8211;  2022<\/strong> <strong>(\u00e1lbum, gravado em co-autoria com a Companhia Solit\u00e1ria)<\/strong><\/p>\n\n\n<div class=\"wp-block-image\">\n<figure class=\"aligncenter size-large is-resized\"><img loading=\"lazy\" decoding=\"async\" width=\"1024\" height=\"1024\" src=\"http:\/\/extremidades.art\/x\/lindolforobertonascimento\/wp-content\/uploads\/sites\/22\/2024\/03\/A-Coisa-X-1024x1024.jpg\" alt=\"\" class=\"wp-image-64\" style=\"width:437px;height:437px\" srcset=\"https:\/\/extremidades.art\/x\/lindolforobertonascimento\/wp-content\/uploads\/sites\/22\/2024\/03\/A-Coisa-X-1024x1024.jpg 1024w, https:\/\/extremidades.art\/x\/lindolforobertonascimento\/wp-content\/uploads\/sites\/22\/2024\/03\/A-Coisa-X-300x300.jpg 300w, https:\/\/extremidades.art\/x\/lindolforobertonascimento\/wp-content\/uploads\/sites\/22\/2024\/03\/A-Coisa-X-150x150.jpg 150w, https:\/\/extremidades.art\/x\/lindolforobertonascimento\/wp-content\/uploads\/sites\/22\/2024\/03\/A-Coisa-X-768x768.jpg 768w, https:\/\/extremidades.art\/x\/lindolforobertonascimento\/wp-content\/uploads\/sites\/22\/2024\/03\/A-Coisa-X-500x500.jpg 500w, https:\/\/extremidades.art\/x\/lindolforobertonascimento\/wp-content\/uploads\/sites\/22\/2024\/03\/A-Coisa-X.jpg 1418w\" sizes=\"auto, (max-width: 1024px) 100vw, 1024px\" \/><\/figure>\n<\/div>\n\n\n<p>Sinopse: \u00c1lbum que contempla diversos estilos musicais, bem como faixas de \u00e1udio falado acerca da tem\u00e1tica \u201clibido e sexualidade durante a pandemia\u201d. Composto por 16 faixas que v\u00e3o da MPB ao rock, passando pelo funk mandel\u00e3o, com inser\u00e7\u00f5es de recortes de um podcast com os participantes do grupo. Complemento do livro de mesmo nome.<\/p>\n\n\n\n<p>Artista: Companhia Solit\u00e1ria (Anaka, Lindolfo Roberto Nascimento, Lucia Machado, Mariana Rezende e Taine Payay\u00e1<\/p>\n\n\n\n<p>T\u00edtulo: A Coisa X<\/p>\n\n\n\n<p>Produ\u00e7\u00e3o: Cesar Freitas<\/p>\n\n\n\n<p>Lan\u00e7amento: 18 de Agosto de 2022<\/p>\n\n\n\n<p>Faixas: 1- A Coisa X; 2- J\u00fabilo; 3- Ambidestro; 4- Oi Amigue; 5- Quantos Quil\u00f4metros?; 6- Catuaba; 7- A Camisinha; 8- Querida Cbl; 9- \u00c9 Poss\u00edvel Dan\u00e7ar a Dor; 10- Cartografia da Terra; 11- O Que Brota da Chuva; 12- Marquinha; 13- Mercado de Cu; 14- \u00c9 Muito Assunto; 15- Na Minha Cama; 16- \u00c9 S\u00e9rio Que N\u00e3o \u00e9 Meme?<\/p>\n\n\n\n<p>Dura\u00e7\u00e3o: 48min.<\/p>\n\n\n\n<p>Dispon\u00edvel em: Youtube, Spotify, Deezer, Amazon Prime e outros servi\u00e7os de m\u00fasica.<\/p>\n\n\n\n<p><a href=\"https:\/\/open.spotify.com\/intl-pt\/album\/45QiKOnW4w9bqjPMcexouy?si=Xu9jVu-ITxqIzYWMzvQS7g\" data-type=\"URL\" data-id=\"https:\/\/open.spotify.com\/intl-pt\/album\/45QiKOnW4w9bqjPMcexouy?si=Xu9jVu-ITxqIzYWMzvQS7g\" target=\"_blank\" rel=\"noreferrer noopener\">Spotify &#8220;A Coisa X&#8221;<\/a><\/p>\n","protected":false},"excerpt":{"rendered":"<p>\u201cBala de Prata\u201d &#8211; 2025 (\u00e1lbum, sob o vulgo Macna) Sinopse: Em seu quinto trabalho de est\u00fadio sob o vulgo MACNA, Lindolfo Roberto Nascimento dividiu em duas facetas, sendo as 6 primeiras m\u00fasicas orientadas por seu funk, que caminha entre as vertentes mandela paulistano, batid\u00e3o carioca e o funk pop; a surpresa fica para as [&hellip;]<\/p>\n","protected":false},"author":24,"featured_media":0,"comment_status":"closed","ping_status":"closed","sticky":false,"template":"","format":"standard","meta":{"footnotes":""},"categories":[1],"tags":[],"class_list":["post-28","post","type-post","status-publish","hentry","category-obralindolforn"],"_links":{"self":[{"href":"https:\/\/extremidades.art\/x\/lindolforobertonascimento\/wp-json\/wp\/v2\/posts\/28","targetHints":{"allow":["GET"]}}],"collection":[{"href":"https:\/\/extremidades.art\/x\/lindolforobertonascimento\/wp-json\/wp\/v2\/posts"}],"about":[{"href":"https:\/\/extremidades.art\/x\/lindolforobertonascimento\/wp-json\/wp\/v2\/types\/post"}],"author":[{"embeddable":true,"href":"https:\/\/extremidades.art\/x\/lindolforobertonascimento\/wp-json\/wp\/v2\/users\/24"}],"replies":[{"embeddable":true,"href":"https:\/\/extremidades.art\/x\/lindolforobertonascimento\/wp-json\/wp\/v2\/comments?post=28"}],"version-history":[{"count":19,"href":"https:\/\/extremidades.art\/x\/lindolforobertonascimento\/wp-json\/wp\/v2\/posts\/28\/revisions"}],"predecessor-version":[{"id":187,"href":"https:\/\/extremidades.art\/x\/lindolforobertonascimento\/wp-json\/wp\/v2\/posts\/28\/revisions\/187"}],"wp:attachment":[{"href":"https:\/\/extremidades.art\/x\/lindolforobertonascimento\/wp-json\/wp\/v2\/media?parent=28"}],"wp:term":[{"taxonomy":"category","embeddable":true,"href":"https:\/\/extremidades.art\/x\/lindolforobertonascimento\/wp-json\/wp\/v2\/categories?post=28"},{"taxonomy":"post_tag","embeddable":true,"href":"https:\/\/extremidades.art\/x\/lindolforobertonascimento\/wp-json\/wp\/v2\/tags?post=28"}],"curies":[{"name":"wp","href":"https:\/\/api.w.org\/{rel}","templated":true}]}}