{"id":26,"date":"2024-03-12T03:35:19","date_gmt":"2024-03-12T06:35:19","guid":{"rendered":"https:\/\/extremidades.art\/x\/lindolforobertonascimento\/?p=26"},"modified":"2024-09-30T19:39:20","modified_gmt":"2024-09-30T22:39:20","slug":"performance","status":"publish","type":"post","link":"https:\/\/extremidades.art\/x\/lindolforobertonascimento\/2024\/03\/12\/performance\/","title":{"rendered":"PERFORMANCE"},"content":{"rendered":"\n<p><strong>&#8220;Mem\u00f3rias Deslocadas&#8221;<\/strong><\/p>\n\n\n\n<p>(essa performance n\u00e3o possui registros visuais)<\/p>\n\n\n\n<p>Sinopse: Trabalho baseado em depoimentos sobre fluxo migrat\u00f3rio e educa\u00e7\u00e3o que colhidos por Lindolfo Roberto Nascimento com alunos do EJA (Ensino de Jovens e Adultos) da escola p\u00fablica EMEF \u201cJackson de Figueiredo\u201d, localizada na Zona Leste de S\u00e3o Paulo. Apresentada durante a semana das Artes do Corpo de 2015 na PUC-SP, a performance trata das viol\u00eancias sofridas por migrantes, tanto em seu lugar de origem quanto em seu destino (a cidade de S\u00e3o Paulo) e como a busca pela alfabetiza\u00e7\u00e3o na vida adulta atua na vida dessas pessoas, articulando esse relatos com uma dan\u00e7a que se baseia no \u201ccorpo preso\u201d do oprimido. A performance consiste em uma varia\u00e7\u00e3o entre dan\u00e7a e investidas do corpo do performer contra a parede de uma sala de aula, tratando das barreiras que o corpo sofre, inclusive na busca por educa\u00e7\u00e3o.<\/p>\n\n\n\n<p>Performer: Lindolfo Roberto Nascimento<\/p>\n\n\n\n<p>Tempo: Aproximadamente 25min.<\/p>\n\n\n\n<p>Apresenta\u00e7\u00f5es: 3 apresenta\u00e7\u00f5es, duas na PUC-SP, sendo uma delas como parte da programa\u00e7\u00e3o da Semana das Artes do Corpo de 2015, e uma para os alunos do EJA (Educa\u00e7\u00e3o de Jovens e Adultos) da Escola Municipal de Ensino Fundamental Jackson Figueiredo.<\/p>\n\n\n\n<p>Locais: PUC-SP e EMEF Jackson Figueiredo<\/p>\n\n\n\n<p><\/p>\n\n\n\n<p><\/p>\n\n\n\n<p>\u201c<strong>Corte\u201d <\/strong><\/p>\n\n\n\n<figure class=\"wp-block-image size-full\"><img loading=\"lazy\" decoding=\"async\" width=\"960\" height=\"800\" src=\"http:\/\/extremidades.art\/x\/lindolforobertonascimento\/wp-content\/uploads\/sites\/22\/2024\/03\/Performance-CORTE-Aparelha-Luzia.jpg\" alt=\"\" class=\"wp-image-38\" srcset=\"https:\/\/extremidades.art\/x\/lindolforobertonascimento\/wp-content\/uploads\/sites\/22\/2024\/03\/Performance-CORTE-Aparelha-Luzia.jpg 960w, https:\/\/extremidades.art\/x\/lindolforobertonascimento\/wp-content\/uploads\/sites\/22\/2024\/03\/Performance-CORTE-Aparelha-Luzia-300x250.jpg 300w, https:\/\/extremidades.art\/x\/lindolforobertonascimento\/wp-content\/uploads\/sites\/22\/2024\/03\/Performance-CORTE-Aparelha-Luzia-768x640.jpg 768w\" sizes=\"auto, (max-width: 960px) 100vw, 960px\" \/><\/figure>\n\n\n\n<p>Sinopse: Performance apresentada no evento \u201cArte e As Nega\u201d na Aparelha Luzia em agosto de 2016, levantando as quest\u00f5es das m\u00e1scaras brancas de Fanon e da viol\u00eancia m\u00e9dica, tentando entender como ambas se imbricam numa l\u00f3gica machista e racista, que implica corpos negros de mulheres (como v\u00edtimas) e de homens (como v\u00edtimas de pessoas brancas e tamb\u00e9m como opressores de mulheres negras).<\/p>\n\n\n\n<p>Performer: Lindolfo Roberto Nascimento<\/p>\n\n\n\n<p>Tempo: Aproximadamente 20 min.<\/p>\n\n\n\n<p>Apresenta\u00e7\u00f5es: apresenta\u00e7\u00e3o \u00fanica como parte da programa\u00e7\u00e3o da noite \u201cArte e As Nega\u201d, marcando a abertura do espa\u00e7o pela artista, curadora e articuladora cultural Erica Malunguinho<\/p>\n\n\n\n<p>Local: Aparelha Luzia<\/p>\n\n\n\n<p>Registro fotogr\u00e1fico: Erica Malunguinho<\/p>\n\n\n\n<p>Assist\u00eancia: Mariana Rezende<\/p>\n\n\n\n<p><\/p>\n\n\n\n<p><\/p>\n\n\n\n<p>\u201c<strong>Fluxos\u201d <\/strong><\/p>\n\n\n\n<figure class=\"wp-block-image size-large\"><img loading=\"lazy\" decoding=\"async\" width=\"1024\" height=\"576\" src=\"http:\/\/extremidades.art\/x\/lindolforobertonascimento\/wp-content\/uploads\/sites\/22\/2024\/03\/Performance-Fluxos-1-1024x576.png\" alt=\"\" class=\"wp-image-72\" srcset=\"https:\/\/extremidades.art\/x\/lindolforobertonascimento\/wp-content\/uploads\/sites\/22\/2024\/03\/Performance-Fluxos-1-1024x576.png 1024w, https:\/\/extremidades.art\/x\/lindolforobertonascimento\/wp-content\/uploads\/sites\/22\/2024\/03\/Performance-Fluxos-1-300x169.png 300w, https:\/\/extremidades.art\/x\/lindolforobertonascimento\/wp-content\/uploads\/sites\/22\/2024\/03\/Performance-Fluxos-1-768x432.png 768w, https:\/\/extremidades.art\/x\/lindolforobertonascimento\/wp-content\/uploads\/sites\/22\/2024\/03\/Performance-Fluxos-1-1536x864.png 1536w, https:\/\/extremidades.art\/x\/lindolforobertonascimento\/wp-content\/uploads\/sites\/22\/2024\/03\/Performance-Fluxos-1.png 1920w\" sizes=\"auto, (max-width: 1024px) 100vw, 1024px\" \/><\/figure>\n\n\n\n<p>Sinopse: A performance consiste na leitura de um texto escrito previamente pelo autor, por\u00e9m n\u00e3o ensaiado ou decorado, que ele descarta e passa a recontar de forma oral, vendado, sob efeito do calmante Zolpidem 10 mg. A proposta \u00e9 lidar com o texto a partir do vi\u00e9s da oralitura, com inten\u00e7\u00f5es, corpo e varia\u00e7\u00f5es vivas que s\u00f3 o texto oralizado possibilita. O texto \u00e9 uma narrativa ficcional sobre um tor negro que \u00e9 recha\u00e7ado ao estar em um palco de um teatro que atende \u00e0 classe alta, quando este ator comete o assassinato de pessoas na primeira fila da plateia utilzando uma arma de fogo.<\/p>\n\n\n\n<p>Performer: Lindolfo Roberto Nascimento<\/p>\n\n\n\n<p>Tempo: Aproximadamente 20 min.<\/p>\n\n\n\n<p>Apresenta\u00e7\u00e3o: \u00fanica, como parte da programa\u00e7\u00e3o do Festival da Colheita, do Programa Vocacional da Cidade de S\u00e3o Paulo, edi\u00e7\u00e3o 2023.<\/p>\n\n\n\n<p>Local: Teatro de Cont\u00eainer<\/p>\n\n\n\n<p>Registro fotogr\u00e1fico: Juliana Lewkowicz<\/p>\n\n\n\n<p>Registro videogr\u00e1fico: Henrique Nogueira Meme<\/p>\n\n\n\n<p>Transcri\u00e7\u00e3o em texto: N\u00edvea Matias<\/p>\n\n\n\n<p>Data: 18 de Setembro de 2023<\/p>\n\n\n\n<p><\/p>\n\n\n\n<p><\/p>\n\n\n\n<p>\u201c<strong>Contra a corrente: um ritual para lidar com o luto\u201d <\/strong><\/p>\n\n\n\n<figure class=\"wp-block-image size-large\"><img loading=\"lazy\" decoding=\"async\" width=\"1024\" height=\"576\" src=\"http:\/\/extremidades.art\/x\/lindolforobertonascimento\/wp-content\/uploads\/sites\/22\/2024\/03\/Captura-de-Tela-2024-02-11-a\u0300s-01.27.01-1024x576.png\" alt=\"\" class=\"wp-image-48\" srcset=\"https:\/\/extremidades.art\/x\/lindolforobertonascimento\/wp-content\/uploads\/sites\/22\/2024\/03\/Captura-de-Tela-2024-02-11-a\u0300s-01.27.01-1024x576.png 1024w, https:\/\/extremidades.art\/x\/lindolforobertonascimento\/wp-content\/uploads\/sites\/22\/2024\/03\/Captura-de-Tela-2024-02-11-a\u0300s-01.27.01-300x169.png 300w, https:\/\/extremidades.art\/x\/lindolforobertonascimento\/wp-content\/uploads\/sites\/22\/2024\/03\/Captura-de-Tela-2024-02-11-a\u0300s-01.27.01-768x432.png 768w, https:\/\/extremidades.art\/x\/lindolforobertonascimento\/wp-content\/uploads\/sites\/22\/2024\/03\/Captura-de-Tela-2024-02-11-a\u0300s-01.27.01-1536x864.png 1536w, https:\/\/extremidades.art\/x\/lindolforobertonascimento\/wp-content\/uploads\/sites\/22\/2024\/03\/Captura-de-Tela-2024-02-11-a\u0300s-01.27.01.png 1920w\" sizes=\"auto, (max-width: 1024px) 100vw, 1024px\" \/><\/figure>\n\n\n\n<p>Sinopse: A performance \u00e9 realizada sob a forma de cinco subidas de um trecho do leito do rio da cachoeira da Hidromassagem em Boi\u00e7ucanga, na cidade de S\u00e3o Sebasti\u00e3o, litoral norte de S\u00e3o Paulo. Nela, o performer veste o vestido de sua m\u00e3e falecida em 2021, para subir contra a corrente do rio em busca de novas formas de vida, como os peixes fazem na piracema. A performance, pensada como um ritual, consiste em cinco subidas, dedicadas ao orix\u00e1s Exu, Oxal\u00e1, Oxum, Nan\u00e3 e Obalua\u00ea, como formas de pedir a abertura dos caminhos, em respeito ao pai de tudo, \u00e0 regente dos rios e cachoeiras, \u00e0 genitora da vida e da morte, e para pedir sa\u00fade. A performance trata de dois lutos: o pessoal referente \u00e0 perda de sua m\u00e3e, e o coletivo, referente \u00e0s mais de 700 mil mortes por Covid-19 no Brasil.<\/p>\n\n\n\n<p>Performer: Lindolfo Roberto Nascimento<\/p>\n\n\n\n<p>Tempo real da a\u00e7\u00e3o: Aproximadamente 58 min.<\/p>\n\n\n\n<p>Tempo do v\u00eddeo editado: 22min30s<\/p>\n\n\n\n<p>Apresenta\u00e7\u00e3o: dentro da exposi\u00e7\u00e3o Piracema<\/p>\n\n\n\n<p>Curadoria: Juliana Lewkowicz, Fernanda Oliveira e Malka Borenstein<\/p>\n\n\n\n<p>Registro videogr\u00e1fico: Juliana Lewkowicz<\/p>\n\n\n\n<p>Data de realiza\u00e7\u00e3o da a\u00e7\u00e3o: 21 de Dezembro de 2023<\/p>\n","protected":false},"excerpt":{"rendered":"<p>&#8220;Mem\u00f3rias Deslocadas&#8221; (essa performance n\u00e3o possui registros visuais) Sinopse: Trabalho baseado em depoimentos sobre fluxo migrat\u00f3rio e educa\u00e7\u00e3o que colhidos por Lindolfo Roberto Nascimento com alunos do EJA (Ensino de Jovens e Adultos) da escola p\u00fablica EMEF \u201cJackson de Figueiredo\u201d, localizada na Zona Leste de S\u00e3o Paulo. Apresentada durante a semana das Artes do Corpo [&hellip;]<\/p>\n","protected":false},"author":24,"featured_media":0,"comment_status":"closed","ping_status":"closed","sticky":false,"template":"","format":"standard","meta":{"footnotes":""},"categories":[1],"tags":[],"class_list":["post-26","post","type-post","status-publish","hentry","category-obralindolforn"],"_links":{"self":[{"href":"https:\/\/extremidades.art\/x\/lindolforobertonascimento\/wp-json\/wp\/v2\/posts\/26","targetHints":{"allow":["GET"]}}],"collection":[{"href":"https:\/\/extremidades.art\/x\/lindolforobertonascimento\/wp-json\/wp\/v2\/posts"}],"about":[{"href":"https:\/\/extremidades.art\/x\/lindolforobertonascimento\/wp-json\/wp\/v2\/types\/post"}],"author":[{"embeddable":true,"href":"https:\/\/extremidades.art\/x\/lindolforobertonascimento\/wp-json\/wp\/v2\/users\/24"}],"replies":[{"embeddable":true,"href":"https:\/\/extremidades.art\/x\/lindolforobertonascimento\/wp-json\/wp\/v2\/comments?post=26"}],"version-history":[{"count":3,"href":"https:\/\/extremidades.art\/x\/lindolforobertonascimento\/wp-json\/wp\/v2\/posts\/26\/revisions"}],"predecessor-version":[{"id":188,"href":"https:\/\/extremidades.art\/x\/lindolforobertonascimento\/wp-json\/wp\/v2\/posts\/26\/revisions\/188"}],"wp:attachment":[{"href":"https:\/\/extremidades.art\/x\/lindolforobertonascimento\/wp-json\/wp\/v2\/media?parent=26"}],"wp:term":[{"taxonomy":"category","embeddable":true,"href":"https:\/\/extremidades.art\/x\/lindolforobertonascimento\/wp-json\/wp\/v2\/categories?post=26"},{"taxonomy":"post_tag","embeddable":true,"href":"https:\/\/extremidades.art\/x\/lindolforobertonascimento\/wp-json\/wp\/v2\/tags?post=26"}],"curies":[{"name":"wp","href":"https:\/\/api.w.org\/{rel}","templated":true}]}}