{"id":24,"date":"2024-03-12T03:34:00","date_gmt":"2024-03-12T06:34:00","guid":{"rendered":"https:\/\/extremidades.art\/x\/lindolforobertonascimento\/?p=24"},"modified":"2024-09-30T19:39:32","modified_gmt":"2024-09-30T22:39:32","slug":"teatro","status":"publish","type":"post","link":"https:\/\/extremidades.art\/x\/lindolforobertonascimento\/2024\/03\/12\/teatro\/","title":{"rendered":"TEATRO"},"content":{"rendered":"\n<p><strong>&#8220;Del Medio&#8221; (Pe\u00e7a de Teatro)<\/strong><\/p>\n\n\n\n<figure class=\"wp-block-image size-full\"><img loading=\"lazy\" decoding=\"async\" width=\"960\" height=\"640\" src=\"http:\/\/extremidades.art\/x\/lindolforobertonascimento\/wp-content\/uploads\/sites\/22\/2024\/03\/Del-Medio-cartaz-3.jpg\" alt=\"\" class=\"wp-image-35\" srcset=\"https:\/\/extremidades.art\/x\/lindolforobertonascimento\/wp-content\/uploads\/sites\/22\/2024\/03\/Del-Medio-cartaz-3.jpg 960w, https:\/\/extremidades.art\/x\/lindolforobertonascimento\/wp-content\/uploads\/sites\/22\/2024\/03\/Del-Medio-cartaz-3-300x200.jpg 300w, https:\/\/extremidades.art\/x\/lindolforobertonascimento\/wp-content\/uploads\/sites\/22\/2024\/03\/Del-Medio-cartaz-3-768x512.jpg 768w\" sizes=\"auto, (max-width: 960px) 100vw, 960px\" \/><\/figure>\n\n\n\n<p><br>Sinopse: A pe\u00e7a teatral \u201cDel Medio\u201d, realizada pelo coletivo de teatro amador N\u00f3s Na Corda Bamba, trata das pessoas invisibilizadas entre duas Vilas Marias: a alta e a baixa, tais como uma travesti, uma fam\u00edlia de bolivianos em situa\u00e7\u00e3o de trabalho an\u00e1logo \u00e0 escravid\u00e3o em uma oficina de costura, uma garotinha sonhadora, e um homem t\u00edmido apaixonado. A pe\u00e7a trabalhava com o sistema coringa, no qual todos os personagens passavam por todos atores em cena. Participei de 20 apresenta\u00e7\u00f5es como ator em espa\u00e7os diversos da Vila Maria, tais como teatros de CEUs, centros culturais e bibliotecas.<\/p>\n\n\n\n<p>Dramaturgia: Iai\u00e1 Toledo<\/p>\n\n\n\n<p>Dire\u00e7\u00e3o: Iai\u00e1 Toledo<\/p>\n\n\n\n<p>Tempo: Aproximadamente 1h<\/p>\n\n\n\n<p>Fun\u00e7\u00e3o: ator<\/p>\n\n\n\n<p>Temporada: 20 apresenta\u00e7\u00f5es por espa\u00e7os culturais, teatros e CEUS entre Fevereiro e Julho de 2013.<\/p>\n\n\n\n<p><\/p>\n\n\n\n<p><\/p>\n\n\n\n<p><\/p>\n\n\n\n<p><\/p>\n\n\n\n<p>\u201c<strong>Z\u201d (Pe\u00e7a de Teatro)<\/strong><\/p>\n\n\n\n<figure class=\"wp-block-image size-large\"><img loading=\"lazy\" decoding=\"async\" width=\"1024\" height=\"683\" src=\"http:\/\/extremidades.art\/x\/lindolforobertonascimento\/wp-content\/uploads\/sites\/22\/2024\/03\/Z-cena-confronto-1024x683.jpg\" alt=\"\" class=\"wp-image-40\" srcset=\"https:\/\/extremidades.art\/x\/lindolforobertonascimento\/wp-content\/uploads\/sites\/22\/2024\/03\/Z-cena-confronto-1024x683.jpg 1024w, https:\/\/extremidades.art\/x\/lindolforobertonascimento\/wp-content\/uploads\/sites\/22\/2024\/03\/Z-cena-confronto-300x200.jpg 300w, https:\/\/extremidades.art\/x\/lindolforobertonascimento\/wp-content\/uploads\/sites\/22\/2024\/03\/Z-cena-confronto-768x512.jpg 768w, https:\/\/extremidades.art\/x\/lindolforobertonascimento\/wp-content\/uploads\/sites\/22\/2024\/03\/Z-cena-confronto.jpg 1500w\" sizes=\"auto, (max-width: 1024px) 100vw, 1024px\" \/><\/figure>\n\n\n\n<p>Sinopse: \u201cZ\u201d \u00e9 um trabalho teatral em formato <em>site specific, <\/em>proposto e dirigido por Ant\u00f4nio Rog\u00e9rio Toscano, que consiste em oito cenas inspiradas no filme \u201cZ\u201d de Costa-Gravas, discutindo, entre outros temas, polariza\u00e7\u00e3o pol\u00edtica, quest\u00f5es raciais e machismo sob uma perspectiva de discuss\u00e3o dial\u00e9tica. Foi apresentado para os alunos do curso de Artes do Corpo e em car\u00e1ter pedag\u00f3gico em dezembro de 2015 e em agosto de 2016 dentro da programa\u00e7\u00e3o da Semana das Artes do Corpo.<\/p>\n\n\n\n<p>Dramaturgia: colaborativa e em processo com todo o elenco<\/p>\n\n\n\n<p>Dire\u00e7\u00e3o: Ant\u00f4nio Rog\u00e9rio Toscano<\/p>\n\n\n\n<p>Tempo: Aproximadamente 1h<\/p>\n\n\n\n<p>Fun\u00e7\u00e3o: ator<\/p>\n\n\n\n<p>Temporada: 2 apresenta\u00e7\u00f5es, sendo uma delas como parte da programa\u00e7\u00e3o da Semana das Artes do Corpo do ano de 2016.<\/p>\n\n\n\n<p>Local: PUC-SP<\/p>\n\n\n\n<p>Fun\u00e7\u00e3o: Ator<\/p>\n\n\n\n<p><\/p>\n\n\n\n<p><\/p>\n\n\n\n<p><\/p>\n\n\n\n<p><\/p>\n\n\n\n<p>\u201c<strong>Somos Muito Solit\u00e1rios\u201d (Pe\u00e7a de Teatro)<\/strong><\/p>\n\n\n\n<figure class=\"wp-block-image size-large\"><img loading=\"lazy\" decoding=\"async\" width=\"683\" height=\"1024\" src=\"http:\/\/extremidades.art\/x\/lindolforobertonascimento\/wp-content\/uploads\/sites\/22\/2024\/03\/DSC_0470-683x1024.jpg\" alt=\"\" class=\"wp-image-36\" srcset=\"https:\/\/extremidades.art\/x\/lindolforobertonascimento\/wp-content\/uploads\/sites\/22\/2024\/03\/DSC_0470-683x1024.jpg 683w, https:\/\/extremidades.art\/x\/lindolforobertonascimento\/wp-content\/uploads\/sites\/22\/2024\/03\/DSC_0470-200x300.jpg 200w, https:\/\/extremidades.art\/x\/lindolforobertonascimento\/wp-content\/uploads\/sites\/22\/2024\/03\/DSC_0470-768x1152.jpg 768w, https:\/\/extremidades.art\/x\/lindolforobertonascimento\/wp-content\/uploads\/sites\/22\/2024\/03\/DSC_0470-1024x1536.jpg 1024w, https:\/\/extremidades.art\/x\/lindolforobertonascimento\/wp-content\/uploads\/sites\/22\/2024\/03\/DSC_0470-1365x2048.jpg 1365w, https:\/\/extremidades.art\/x\/lindolforobertonascimento\/wp-content\/uploads\/sites\/22\/2024\/03\/DSC_0470-scaled.jpg 1706w\" sizes=\"auto, (max-width: 683px) 100vw, 683px\" \/><\/figure>\n\n\n\n<p>Sinopse: Pe\u00e7a escrita e encenada pela Cia Solit\u00e1ria como fruto do processo de pesquisa autobiogr\u00e1fica dos atores-criadores sob a perspectiva do teatro de Georg B\u00fcchner para o Projeto de Cena do curso de \u201cComunica\u00e7\u00e3o das Artes do Corpo\u201d. Dirigida por Ant\u00f4nio Rog\u00e9rio Toscano e apresentada entre 12 e 16 de dezembro de 2016 na PUC-SP.<\/p>\n\n\n\n<p>Dramaturgia: Lindolfo Roberto Nascimento, Mariana Rezende, Morgana Siqueira enxertos de Georg B\u00fcchner<\/p>\n\n\n\n<p>Elenco: Lindolfo Roberto Nascimento, Mariana Rezende e Morgana Siqueira<\/p>\n\n\n\n<p>Dire\u00e7\u00e3o: Ant\u00f4nio Rog\u00e9rio Toscano<\/p>\n\n\n\n<p>Tempo: Aproximadamente 1h30<\/p>\n\n\n\n<p>Temporada: 5 apresenta\u00e7\u00f5es, sendo uma delas como banca de Trabalho de Conclus\u00e3o de Curso de Artes do Corpo, em dezembro de 2016.<\/p>\n\n\n\n<p>Local: PUC-SP<\/p>\n\n\n\n<p>Fun\u00e7\u00e3o: Ator, coautor e produtor<\/p>\n\n\n\n<p><\/p>\n\n\n\n<p><\/p>\n\n\n\n<p><\/p>\n\n\n\n<p><\/p>\n\n\n\n<p><\/p>\n\n\n\n<p>\u201c<strong>Sil\u00eancio Prenhe de Palavras\u201d<\/strong> (<strong>Pe\u00e7a de Teatro)<\/strong><\/p>\n\n\n\n<figure class=\"wp-block-image size-large\"><img loading=\"lazy\" decoding=\"async\" width=\"1024\" height=\"887\" src=\"http:\/\/extremidades.art\/x\/lindolforobertonascimento\/wp-content\/uploads\/sites\/22\/2024\/03\/Silencio-Prenhe-1-1024x887.jpg\" alt=\"\" class=\"wp-image-75\" srcset=\"https:\/\/extremidades.art\/x\/lindolforobertonascimento\/wp-content\/uploads\/sites\/22\/2024\/03\/Silencio-Prenhe-1-1024x887.jpg 1024w, https:\/\/extremidades.art\/x\/lindolforobertonascimento\/wp-content\/uploads\/sites\/22\/2024\/03\/Silencio-Prenhe-1-300x260.jpg 300w, https:\/\/extremidades.art\/x\/lindolforobertonascimento\/wp-content\/uploads\/sites\/22\/2024\/03\/Silencio-Prenhe-1-768x666.jpg 768w, https:\/\/extremidades.art\/x\/lindolforobertonascimento\/wp-content\/uploads\/sites\/22\/2024\/03\/Silencio-Prenhe-1.jpg 1080w\" sizes=\"auto, (max-width: 1024px) 100vw, 1024px\" \/><\/figure>\n\n\n\n<p>Sinopse: \u201cSil\u00eancio Prenhe de Palavras\u201d \u00e9 um espet\u00e1culo solo de Mariana Rezende, no qual Lindolfo Roberto Nascimento esteve inteiramente envolvido, escrevendo a dramaturgia em parceria com a atriz, produzindo e dirigindo o espet\u00e1culo, que trata de v\u00e1rias possibilidades de feminilidades, que v\u00e3o desde uma m\u00e3e s\u00f3 dando \u00e0 luz em um est\u00e1bulo, uma Oxum que dan\u00e7a, uma mulher que toca tambor no deserto como \u00fanica possibilidade de invocar a chuva, e mesmo uma mulher desencarnando. O espet\u00e1culo transita entre linguagens, indo do teatro \u00e0 dan\u00e7a, passando pela performance.<\/p>\n\n\n\n<p>Dramaturgia: Mariana Rezende e Lindolfo Roberto Nascimento<\/p>\n\n\n\n<p>Elenco: Mariana Rezende<\/p>\n\n\n\n<p>Dire\u00e7\u00e3o: Lindolfo Roberto Nascimento<\/p>\n\n\n\n<p>Tempo: Aproximadamente 45min.<\/p>\n\n\n\n<p>Temporadas: 8 apresenta\u00e7\u00f5es, como parte de uma resid\u00eancia art\u00edstica na SP Escola de Teatro, em abril de 2019 (1\u00aa temporada). 9 apresenta\u00e7\u00f5es em abril de 2021 (online)<\/p>\n\n\n\n<p>Local: Escola SP de Teatro &#8211; sede Roosevelt (1\u00aa temporada) e online (2\u00aa temporada)<\/p>\n\n\n\n<p>Fun\u00e7\u00e3o: dramaturgo co-autor, diretor e produtor.<\/p>\n\n\n\n<p><\/p>\n\n\n\n<p><\/p>\n\n\n\n<p><\/p>\n\n\n\n<p><\/p>\n\n\n\n<p><strong>&#8220;Autogonia&#8221; (Leitura dram\u00e1tica)<\/strong><\/p>\n\n\n\n<figure class=\"wp-block-image size-large\"><img loading=\"lazy\" decoding=\"async\" width=\"1024\" height=\"768\" src=\"http:\/\/extremidades.art\/x\/lindolforobertonascimento\/wp-content\/uploads\/sites\/22\/2024\/03\/Leitura-Autogonia-SESI-1024x768.jpg\" alt=\"\" class=\"wp-image-37\" srcset=\"https:\/\/extremidades.art\/x\/lindolforobertonascimento\/wp-content\/uploads\/sites\/22\/2024\/03\/Leitura-Autogonia-SESI-1024x768.jpg 1024w, https:\/\/extremidades.art\/x\/lindolforobertonascimento\/wp-content\/uploads\/sites\/22\/2024\/03\/Leitura-Autogonia-SESI-300x225.jpg 300w, https:\/\/extremidades.art\/x\/lindolforobertonascimento\/wp-content\/uploads\/sites\/22\/2024\/03\/Leitura-Autogonia-SESI-768x576.jpg 768w, https:\/\/extremidades.art\/x\/lindolforobertonascimento\/wp-content\/uploads\/sites\/22\/2024\/03\/Leitura-Autogonia-SESI.jpg 1080w\" sizes=\"auto, (max-width: 1024px) 100vw, 1024px\" \/><\/figure>\n\n\n\n<p>Leitura dram\u00e1tica p\u00fablica do texto &#8220;Autogonia&#8221; pelo grupo teatral Tablado de Arruar<\/p>\n\n\n\n<p>Dire\u00e7\u00e3o: Clayton Mariano<\/p>\n\n\n\n<p>Local: Teatro Popular do SESI<\/p>\n\n\n\n<p>Quando: 2016<\/p>\n","protected":false},"excerpt":{"rendered":"<p>&#8220;Del Medio&#8221; (Pe\u00e7a de Teatro) Sinopse: A pe\u00e7a teatral \u201cDel Medio\u201d, realizada pelo coletivo de teatro amador N\u00f3s Na Corda Bamba, trata das pessoas invisibilizadas entre duas Vilas Marias: a alta e a baixa, tais como uma travesti, uma fam\u00edlia de bolivianos em situa\u00e7\u00e3o de trabalho an\u00e1logo \u00e0 escravid\u00e3o em uma oficina de costura, uma [&hellip;]<\/p>\n","protected":false},"author":24,"featured_media":0,"comment_status":"closed","ping_status":"closed","sticky":false,"template":"","format":"standard","meta":{"footnotes":""},"categories":[1],"tags":[],"class_list":["post-24","post","type-post","status-publish","hentry","category-obralindolforn"],"_links":{"self":[{"href":"https:\/\/extremidades.art\/x\/lindolforobertonascimento\/wp-json\/wp\/v2\/posts\/24","targetHints":{"allow":["GET"]}}],"collection":[{"href":"https:\/\/extremidades.art\/x\/lindolforobertonascimento\/wp-json\/wp\/v2\/posts"}],"about":[{"href":"https:\/\/extremidades.art\/x\/lindolforobertonascimento\/wp-json\/wp\/v2\/types\/post"}],"author":[{"embeddable":true,"href":"https:\/\/extremidades.art\/x\/lindolforobertonascimento\/wp-json\/wp\/v2\/users\/24"}],"replies":[{"embeddable":true,"href":"https:\/\/extremidades.art\/x\/lindolforobertonascimento\/wp-json\/wp\/v2\/comments?post=24"}],"version-history":[{"count":4,"href":"https:\/\/extremidades.art\/x\/lindolforobertonascimento\/wp-json\/wp\/v2\/posts\/24\/revisions"}],"predecessor-version":[{"id":84,"href":"https:\/\/extremidades.art\/x\/lindolforobertonascimento\/wp-json\/wp\/v2\/posts\/24\/revisions\/84"}],"wp:attachment":[{"href":"https:\/\/extremidades.art\/x\/lindolforobertonascimento\/wp-json\/wp\/v2\/media?parent=24"}],"wp:term":[{"taxonomy":"category","embeddable":true,"href":"https:\/\/extremidades.art\/x\/lindolforobertonascimento\/wp-json\/wp\/v2\/categories?post=24"},{"taxonomy":"post_tag","embeddable":true,"href":"https:\/\/extremidades.art\/x\/lindolforobertonascimento\/wp-json\/wp\/v2\/tags?post=24"}],"curies":[{"name":"wp","href":"https:\/\/api.w.org\/{rel}","templated":true}]}}