{"id":22,"date":"2024-03-12T03:32:28","date_gmt":"2024-03-12T06:32:28","guid":{"rendered":"https:\/\/extremidades.art\/x\/lindolforobertonascimento\/?p=22"},"modified":"2025-01-31T05:43:20","modified_gmt":"2025-01-31T08:43:20","slug":"literatura","status":"publish","type":"post","link":"https:\/\/extremidades.art\/x\/lindolforobertonascimento\/2024\/03\/12\/literatura\/","title":{"rendered":"LITERATURA"},"content":{"rendered":"\n<p><strong>&#8220;\u00c1lcool e F\u00f3sforos no fim do T\u00fanel&#8221; (Livro)<\/strong><\/p>\n\n\n\n<figure class=\"wp-block-image size-large is-resized\"><img loading=\"lazy\" decoding=\"async\" width=\"689\" height=\"1024\" src=\"http:\/\/extremidades.art\/x\/lindolforobertonascimento\/wp-content\/uploads\/sites\/22\/2024\/03\/Capa-A\u0301lcool-e-Fo\u0301sforos-no-Fim-do-Tu\u0301nel-689x1024.png\" alt=\"\" class=\"wp-image-43\" style=\"width:375px;height:558px\" srcset=\"https:\/\/extremidades.art\/x\/lindolforobertonascimento\/wp-content\/uploads\/sites\/22\/2024\/03\/Capa-A\u0301lcool-e-Fo\u0301sforos-no-Fim-do-Tu\u0301nel-689x1024.png 689w, https:\/\/extremidades.art\/x\/lindolforobertonascimento\/wp-content\/uploads\/sites\/22\/2024\/03\/Capa-A\u0301lcool-e-Fo\u0301sforos-no-Fim-do-Tu\u0301nel-202x300.png 202w, https:\/\/extremidades.art\/x\/lindolforobertonascimento\/wp-content\/uploads\/sites\/22\/2024\/03\/Capa-A\u0301lcool-e-Fo\u0301sforos-no-Fim-do-Tu\u0301nel-768x1142.png 768w, https:\/\/extremidades.art\/x\/lindolforobertonascimento\/wp-content\/uploads\/sites\/22\/2024\/03\/Capa-A\u0301lcool-e-Fo\u0301sforos-no-Fim-do-Tu\u0301nel-1033x1536.png 1033w, https:\/\/extremidades.art\/x\/lindolforobertonascimento\/wp-content\/uploads\/sites\/22\/2024\/03\/Capa-A\u0301lcool-e-Fo\u0301sforos-no-Fim-do-Tu\u0301nel.png 1314w\" sizes=\"auto, (max-width: 689px) 100vw, 689px\" \/><\/figure>\n\n\n\n<p>Sinopse: Romance independente publicado pela editora Livre Express\u00e3o com recursos pr\u00f3prios do autor em setembro de 2012, \u00c1lcool e F\u00f3sforos no Fim do T\u00fanel retrata um momento de mudan\u00e7a na vida do jovem Igor Matacavallos, ao sair da casa dos pais, largar um subemprego que odiava e decidir se tornar escritor. \u201c\u00c1lcool e F\u00f3sforos\u201d transita entre o romance de forma\u00e7\u00e3o e o experimento metalingu\u00edstico, ao alternar entre as mudan\u00e7as que levam ao amadurecimento do personagem, e inser\u00e7\u00f5es do escritor como personagem acerca do processo de escrita, no qual o leitor lida com duas narrativas que se op\u00f5em e se complementam.<\/p>\n\n\n\n<p>T\u00edtulo: \u00c1lcool e F\u00f3sforos no fim do T\u00fanel<\/p>\n\n\n\n<p>Autor: Lindolfo Roberto Nascimento<\/p>\n\n\n\n<p>Ano de publica\u00e7\u00e3o: 2012<\/p>\n\n\n\n<p>Editora: Livre Express\u00e3o<\/p>\n\n\n\n<p>G\u00eanero: 1.Literatura Brasileira. 2.Romance.<\/p>\n\n\n\n<p>ISBN: 978-85-913278-0-5<\/p>\n\n\n\n<p>P\u00e1ginas: 138<\/p>\n\n\n\n<p><\/p>\n\n\n\n<p><\/p>\n\n\n\n<p><strong>&#8220;Os Banheiros mais Sujos do Mundo\u201d (Livro)<\/strong><\/p>\n\n\n\n<figure class=\"wp-block-image size-full is-resized\"><img loading=\"lazy\" decoding=\"async\" width=\"633\" height=\"920\" src=\"http:\/\/extremidades.art\/x\/lindolforobertonascimento\/wp-content\/uploads\/sites\/22\/2024\/03\/Capa-Os-Banheiros-mais-Sujos-do-Mundo.jpg\" alt=\"\" class=\"wp-image-45\" style=\"width:396px;height:575px\" srcset=\"https:\/\/extremidades.art\/x\/lindolforobertonascimento\/wp-content\/uploads\/sites\/22\/2024\/03\/Capa-Os-Banheiros-mais-Sujos-do-Mundo.jpg 633w, https:\/\/extremidades.art\/x\/lindolforobertonascimento\/wp-content\/uploads\/sites\/22\/2024\/03\/Capa-Os-Banheiros-mais-Sujos-do-Mundo-206x300.jpg 206w\" sizes=\"auto, (max-width: 633px) 100vw, 633px\" \/><\/figure>\n\n\n\n<p>Sinopse: Romance independente publicado pela Ed. Linear B em dezembro de 2015 a partir de uma campanha de <em>crowdfunding<\/em>. Em \u201cOs Banheiros\u201d acompanhamos Renato Catamar\u00e3es, o \u201cCostela\u201d, um filho da classe alta, rec\u00e9m formado em jornalismo pela USP, em sua fuga para o bairro fict\u00edcio Jardim Piracanjuba, ou apenas \u201cPira\u201d, jardim localizado nas imedia\u00e7\u00f5es de Guaianases, extremo leste da cidade de S\u00e3o Paulo. Por ali acompanhamos pelo olhar abismado de Costela a vida na periferia, local onde os moradores tem rela\u00e7\u00f5es d\u00fabias com o crime organizado, a associa\u00e7\u00e3o do bairro, ONG na qual o protagonista passa a trabalhar, e mesmo com a pol\u00edcia.<\/p>\n\n\n\n<p>T\u00edtulo: \u00c1lcool e F\u00f3sforos no fim do T\u00fanel<\/p>\n\n\n\n<p>Autor: Lindolfo Roberto Nascimento<\/p>\n\n\n\n<p>Ano de publica\u00e7\u00e3o: 2015<\/p>\n\n\n\n<p>Editora: Linear B<\/p>\n\n\n\n<p>G\u00eanero: 1.Literatura Brasileira. 2.Romance.<\/p>\n\n\n\n<p>ISBN: 978-85-5538-008-2<\/p>\n\n\n\n<p>P\u00e1ginas: 244<\/p>\n\n\n\n<p><\/p>\n\n\n\n<p><\/p>\n\n\n\n<p><\/p>\n\n\n\n<p><strong>&#8220;T\u00edmpanos Estourados\u201d (Livro)<\/strong><\/p>\n\n\n\n<figure class=\"wp-block-image size-full is-resized\"><img loading=\"lazy\" decoding=\"async\" width=\"317\" height=\"454\" src=\"http:\/\/extremidades.art\/x\/lindolforobertonascimento\/wp-content\/uploads\/sites\/22\/2024\/03\/Capa-Ti\u0301mpanos-Estourados.png\" alt=\"\" class=\"wp-image-47\" style=\"width:374px;height:535px\" srcset=\"https:\/\/extremidades.art\/x\/lindolforobertonascimento\/wp-content\/uploads\/sites\/22\/2024\/03\/Capa-Ti\u0301mpanos-Estourados.png 317w, https:\/\/extremidades.art\/x\/lindolforobertonascimento\/wp-content\/uploads\/sites\/22\/2024\/03\/Capa-Ti\u0301mpanos-Estourados-209x300.png 209w\" sizes=\"auto, (max-width: 317px) 100vw, 317px\" \/><\/figure>\n\n\n\n<p>Sinopse: H\u00edbrido de poesia e dramaturgia publicado pela Ed. Benfazeja em abril de 2017. \u201cT\u00edmpanos Estourados\u201d \u00e9 uma obra independente, de ruptura, ou de passagem entre estilos. Nela, Lindolfo apresenta duas facetas de sua produ\u00e7\u00e3o ainda in\u00e9ditas: a de dramaturgo, apresentando tr\u00eas textos para teatro ap\u00f3s sua passagem como aprendiz pelo N\u00facleo de dramaturgia SESI-British Council, e a de poeta, com 50 poemas, escritos sob influ\u00eancia de Carlos Drummond de Andrade, Bertolt Brecht e M\u00e1rio Quintana, mas tamb\u00e9m j\u00e1 apresentando uma verve muito pr\u00f3pria, que viria a ser desenvolvida com maior intensidade em obras futuras.<\/p>\n\n\n\n<p>T\u00edtulo: T\u00edmpanos Estourados<\/p>\n\n\n\n<p>Autor: Lindolfo Roberto Nascimento<\/p>\n\n\n\n<p>Ano de publica\u00e7\u00e3o: 2017<\/p>\n\n\n\n<p>Editora: Benfazeja<\/p>\n\n\n\n<p>G\u00eanero: 1. Poesia Brasileira. 2. Dramaturgia.<\/p>\n\n\n\n<p>ISBN: 978-85-69577-29-4<\/p>\n\n\n\n<p>P\u00e1ginas: 166<\/p>\n\n\n\n<p><\/p>\n\n\n\n<p><\/p>\n\n\n\n<p><strong>&#8220;Mandala Na\u00eff\u201d (Livro)<\/strong><\/p>\n\n\n\n<figure class=\"wp-block-image size-full is-resized\"><img loading=\"lazy\" decoding=\"async\" width=\"518\" height=\"703\" src=\"http:\/\/extremidades.art\/x\/lindolforobertonascimento\/wp-content\/uploads\/sites\/22\/2024\/03\/capa-Mandala-Nai\u0308f.jpeg\" alt=\"\" class=\"wp-image-44\" style=\"width:411px;height:557px\" srcset=\"https:\/\/extremidades.art\/x\/lindolforobertonascimento\/wp-content\/uploads\/sites\/22\/2024\/03\/capa-Mandala-Nai\u0308f.jpeg 518w, https:\/\/extremidades.art\/x\/lindolforobertonascimento\/wp-content\/uploads\/sites\/22\/2024\/03\/capa-Mandala-Nai\u0308f-221x300.jpeg 221w\" sizes=\"auto, (max-width: 518px) 100vw, 518px\" \/><\/figure>\n\n\n\n<p>Sinopse: Livro independente de poemas e escritas perform\u00e1ticas publicado pela editora Desconcertos em dezembro de 2020. Com este livro, escrito no fluxo do golpe sofrido pela ex-presidenta Dilma Roussef, e durante o inicio de um tratamento para depress\u00e3o, Lindolfo mergulha em um experimento \u2013 o chamado Experimento MAMEMI \u2013 no qual passou a escrever sob efeito de rem\u00e9dios controlados, mandat\u00f3rios em seu tratamento de sa\u00fade. Aqui Lindolfo Apresenta 73 poemas, 1 microconto e 18 textos perform\u00e1ticos, divididos em 3 partes, lidando com temas como o esgotamento, o vazio, pol\u00edtica nacional, racialidade e outros temas com o esp\u00edrito de nosso tempo.<\/p>\n\n\n\n<p>T\u00edtulo: Mandala Na\u00eff<\/p>\n\n\n\n<p>Autor: Lindolfo Roberto Nascimento<\/p>\n\n\n\n<p>Ano de publica\u00e7\u00e3o: 2020<\/p>\n\n\n\n<p>Editora: Desconcertos<\/p>\n\n\n\n<p>G\u00eanero: 1. Poesia Brasileira. I.T\u00edtulo<\/p>\n\n\n\n<p>ISBN: 978-65-87908-09-0<\/p>\n\n\n\n<p>P\u00e1ginas: 148<\/p>\n\n\n\n<p><\/p>\n\n\n\n<p><\/p>\n\n\n\n<p><strong>&#8220;Medusa em Braile\u201d (Livro)<\/strong><\/p>\n\n\n\n<figure class=\"wp-block-image size-large is-resized\"><img loading=\"lazy\" decoding=\"async\" width=\"687\" height=\"1024\" src=\"http:\/\/extremidades.art\/x\/lindolforobertonascimento\/wp-content\/uploads\/sites\/22\/2024\/03\/Medusa-Capa-687x1024.jpg\" alt=\"\" class=\"wp-image-49\" style=\"width:430px;height:641px\" srcset=\"https:\/\/extremidades.art\/x\/lindolforobertonascimento\/wp-content\/uploads\/sites\/22\/2024\/03\/Medusa-Capa-687x1024.jpg 687w, https:\/\/extremidades.art\/x\/lindolforobertonascimento\/wp-content\/uploads\/sites\/22\/2024\/03\/Medusa-Capa-201x300.jpg 201w, https:\/\/extremidades.art\/x\/lindolforobertonascimento\/wp-content\/uploads\/sites\/22\/2024\/03\/Medusa-Capa-768x1145.jpg 768w, https:\/\/extremidades.art\/x\/lindolforobertonascimento\/wp-content\/uploads\/sites\/22\/2024\/03\/Medusa-Capa.jpg 849w\" sizes=\"auto, (max-width: 687px) 100vw, 687px\" \/><\/figure>\n\n\n\n<p>Sinopse: A segunda parte do chamado \u201cExperimento MAMEMI\u201d, \u201cMedusa em Braile\u201d \u00e9 um livro independente de poemas e escritas perform\u00e1ticas publicado pela editora Desconcertos em dezembro de 2021. Livro no qual Lindolfo verticalizou em rela\u00e7\u00e3o \u00e0s formas e g\u00eaneros liter\u00e1rios, indo de contos \u00e0 fotografias manipuladas, foto performances, foto poemas, poemas escritos com o corpo, textos intitulados, textos n\u00e3o intitulados ou intitulados apenas ao fim, etc, tendo como proposta criar uma multiplicidade de vozes, um grande organismo vivo que refletisse uma sociedade em excesso, que n\u00e3o enxerga e n\u00e3o deixa enxergar.<\/p>\n\n\n\n<p>T\u00edtulo: Medusa em Braile<\/p>\n\n\n\n<p>Autor: Lindolfo Roberto Nascimento<\/p>\n\n\n\n<p>Ano de publica\u00e7\u00e3o: 2021<\/p>\n\n\n\n<p>Editora: Desconcertos<\/p>\n\n\n\n<p>G\u00eanero: 1. Poesia Brasileira. I.T\u00edtulo<\/p>\n\n\n\n<p>ISBN: 978-65-87908-51-9<\/p>\n\n\n\n<p>P\u00e1ginas: 128<\/p>\n\n\n\n<p><\/p>\n\n\n\n<p><\/p>\n\n\n\n<p><\/p>\n\n\n\n<p><strong>&#8220;A Coisa X\u201d (Livro)<\/strong><\/p>\n\n\n\n<figure class=\"wp-block-image size-large is-resized\"><img loading=\"lazy\" decoding=\"async\" width=\"763\" height=\"1024\" src=\"http:\/\/extremidades.art\/x\/lindolforobertonascimento\/wp-content\/uploads\/sites\/22\/2024\/03\/Capa-A-Coisa-X-763x1024.jpg\" alt=\"\" class=\"wp-image-42\" style=\"width:474px;height:636px\" srcset=\"https:\/\/extremidades.art\/x\/lindolforobertonascimento\/wp-content\/uploads\/sites\/22\/2024\/03\/Capa-A-Coisa-X-763x1024.jpg 763w, https:\/\/extremidades.art\/x\/lindolforobertonascimento\/wp-content\/uploads\/sites\/22\/2024\/03\/Capa-A-Coisa-X-224x300.jpg 224w, https:\/\/extremidades.art\/x\/lindolforobertonascimento\/wp-content\/uploads\/sites\/22\/2024\/03\/Capa-A-Coisa-X-768x1030.jpg 768w, https:\/\/extremidades.art\/x\/lindolforobertonascimento\/wp-content\/uploads\/sites\/22\/2024\/03\/Capa-A-Coisa-X.jpg 805w\" sizes=\"auto, (max-width: 763px) 100vw, 763px\" \/><\/figure>\n\n\n\n<p>Sinopse: Livro de correspond\u00eancias publicado em coautoria com as demais integrantes da Companhia Solit\u00e1ria \u2013 Anaka, Lucia Machado, Mariana Rezende e Taine Payay\u00e1 -, \u00e9 fruto de um processo art\u00edstico de trocas de correspond\u00eancias dos artistas envolvidos ao longo da pandemia do Covid-19, tendo como tem\u00e1tica a sexualidade e a intimidade da juventude perif\u00e9rica em tempos pand\u00eamicos. O projeto foi contemplado com o VAI, Programa para a Valoriza\u00e7\u00e3o de Iniciativas Culturais, edital da prefeitura da cidade de S\u00e3o Paulo e conta com um desdobramento em forma de \u00e1lbum musical, com os mesmos t\u00edtulo e tem\u00e1tica.<\/p>\n\n\n\n<p>T\u00edtulo: A Coisa X<\/p>\n\n\n\n<p>Autores: Anaka, Lindolfo Roberto Nascimento, Lucia Machado, Mariana Rezende e Taine Payay\u00e1<\/p>\n\n\n\n<p>Ano de publica\u00e7\u00e3o: 2022<\/p>\n\n\n\n<p>Editora: Mocho<\/p>\n\n\n\n<p>G\u00eanero: 1. Artes. 2. Criatividade (Liter\u00e1ria, art\u00edstica, etc). 3. Teatro Brasileiro.<\/p>\n\n\n\n<p>ISBN: 978-65-995614-4-3<\/p>\n\n\n\n<p>P\u00e1ginas: 112<\/p>\n\n\n\n<p><\/p>\n\n\n\n<p><\/p>\n\n\n\n<p><\/p>\n\n\n\n<p><strong>&#8220;Miragens Concretas\u201d (Livro)<\/strong><\/p>\n\n\n\n<figure class=\"wp-block-image size-full is-resized\"><img loading=\"lazy\" decoding=\"async\" width=\"608\" height=\"958\" src=\"http:\/\/extremidades.art\/x\/lindolforobertonascimento\/wp-content\/uploads\/sites\/22\/2024\/03\/Miragens-capa.png\" alt=\"\" class=\"wp-image-50\" style=\"width:438px;height:690px\" srcset=\"https:\/\/extremidades.art\/x\/lindolforobertonascimento\/wp-content\/uploads\/sites\/22\/2024\/03\/Miragens-capa.png 608w, https:\/\/extremidades.art\/x\/lindolforobertonascimento\/wp-content\/uploads\/sites\/22\/2024\/03\/Miragens-capa-190x300.png 190w\" sizes=\"auto, (max-width: 608px) 100vw, 608px\" \/><\/figure>\n\n\n\n<p>Sinopse: Terceira e \u00faltima parte do Experimento MAMEMI, \u201cMiragens Concretas\u201d \u00e9 um livro independente de poemas e escritas perform\u00e1ticas publlicado pela Ed. All Print com recursos pr\u00f3prios do autor em dezembro de 2023. Nesta obra o autor oferece o mote po\u00e9tico e pol\u00edtico de uma tentativa de homic\u00eddio contra si por motivos raciais para desembocar em seu fluxo, que alterna poemas e escritas perform\u00e1ticas. O livro ainda traz os registros da performance oral \u201cFluxos\u201d, realizada pelo ator em 18 de setembro de 2023, no Teatro de Cont\u00eainer, em S\u00e3o Paulo.<\/p>\n\n\n\n<p>T\u00edtulo: Miragens Concretas<\/p>\n\n\n\n<p>Autor: Lindolfo Roberto Nascimento<\/p>\n\n\n\n<p>Ano de publica\u00e7\u00e3o: 2023<\/p>\n\n\n\n<p>Editora: All Print<\/p>\n\n\n\n<p>G\u00eanero: 1. Poesia Brasileira. I.T\u00edtulo<\/p>\n\n\n\n<p>ISBN: 978-65-5822-264-4<\/p>\n\n\n\n<p>P\u00e1ginas: 120<\/p>\n\n\n\n<p><\/p>\n\n\n\n<p><\/p>\n\n\n\n<p>\u201c<strong>Autogonia\u201d (Dramaturgia publicada)<\/strong><\/p>\n\n\n\n<figure class=\"wp-block-image size-full is-resized\"><img loading=\"lazy\" decoding=\"async\" width=\"592\" height=\"888\" src=\"http:\/\/extremidades.art\/x\/lindolforobertonascimento\/wp-content\/uploads\/sites\/22\/2024\/03\/Capa-SESI-BRITISH-COUNCIL.jpg\" alt=\"\" class=\"wp-image-46\" style=\"width:442px;height:664px\" srcset=\"https:\/\/extremidades.art\/x\/lindolforobertonascimento\/wp-content\/uploads\/sites\/22\/2024\/03\/Capa-SESI-BRITISH-COUNCIL.jpg 592w, https:\/\/extremidades.art\/x\/lindolforobertonascimento\/wp-content\/uploads\/sites\/22\/2024\/03\/Capa-SESI-BRITISH-COUNCIL-200x300.jpg 200w\" sizes=\"auto, (max-width: 592px) 100vw, 592px\" \/><\/figure>\n\n\n\n<p>Sinopse: Dramaturgia escrita como resultado da participa\u00e7\u00e3o do autor na 8\u00aa turma do N\u00facleo de Dramaturgia Sesi-British Council, no ano de 2016, tendo leitura dram\u00e1tica realizada no Mezanino do pr\u00e9dio da FIESP no dia 06 de dezembro de 2016, como dire\u00e7\u00e3o de Clayton Mariano e participa\u00e7\u00e3o de atores da Companhia Tablado de Arruar. Autogonia \u00e9 uma pe\u00e7a de influ\u00eancia pirandeleana, na qual o autor entra em cena em uma sala fechada para tratar com seus personagens de quest\u00f5es como a fic\u00e7\u00e3o, a culpa e o livre-arb\u00edtrio.<\/p>\n\n\n\n<p>T\u00edtulo da dramaturgia: Autogonia<\/p>\n\n\n\n<p>T\u00edtulo da publica\u00e7\u00e3o: N\u00facleo de Dramaturgia SESI-British Council &#8211; Volume I &#8211; 8\u00aa Turma<\/p>\n\n\n\n<p>Autores presentes na publica\u00e7\u00e3o: Sarah Rogieri, Denizart Fazio, \u00c1lvaro Chaer, Lindolfo Roberto Nascimento, Nina N\u00f3bile, Carol Pitzer.<\/p>\n\n\n\n<p>Ano de publica\u00e7\u00e3o: 2017<\/p>\n\n\n\n<p>Editora: SESI-SP<\/p>\n\n\n\n<p>G\u00eanero: 1.Dramaturgia. 2. Teatro Brasileiro I.T\u00edtulo<\/p>\n\n\n\n<p>ISBN: 978-85-504-0472-1<\/p>\n\n\n\n<p>P\u00e1ginas: 312<\/p>\n\n\n\n<p><\/p>\n\n\n\n<p><\/p>\n\n\n\n<p><\/p>\n\n\n\n<p><\/p>\n\n\n\n<p><strong>Links acerca dessas publica\u00e7\u00f5es:<\/strong><\/p>\n\n\n\n<p><a href=\"https:\/\/matryoshkabooks.medium.com\/o-pequeno-caos-do-dia-a-dia-em-mandala-na%C3%AFf-de-lindolfo-roberto-nascimento-2020-desconcertos-db8491c8a7af\" data-type=\"URL\" data-id=\"https:\/\/matryoshkabooks.medium.com\/o-pequeno-caos-do-dia-a-dia-em-mandala-na%C3%AFf-de-lindolfo-roberto-nascimento-2020-desconcertos-db8491c8a7af\" target=\"_blank\" rel=\"noreferrer noopener\">&#8220;O Pequeno Caos do Dia-a-Dia em Mandala Na\u00eff&#8221; &#8211; Por Laura Redfern Navarro<\/a><\/p>\n\n\n\n<p><\/p>\n\n\n\n<p>&#8220;{<a href=\"https:\/\/www.algumasobservacoes.com\/2021\/08\/resenha-mandala-naif-de-lindolfo.html\" data-type=\"URL\" data-id=\"https:\/\/www.algumasobservacoes.com\/2021\/08\/resenha-mandala-naif-de-lindolfo.html\" target=\"_blank\" rel=\"noreferrer noopener\">Resenha} Mandala Na\u00eff de Lindolfo Roberto Nascimento&#8221; &#8211; Por Fernanda Rodrigues<\/a><\/p>\n\n\n\n<p><\/p>\n\n\n\n<p><a href=\"https:\/\/aboio.com.br\/poesia\/5-poemas-de-lindolfo-roberto-nascimento\/?srsltid=AfmBOoobQA2Q_k0OkwJkEtsrqbXVNI6oVDReFnh7UpcFt6lgS_DF39_S\" data-type=\"URL\" data-id=\"https:\/\/aboio.com.br\/5-poemas-de-lindolfo-roberto-nascimento\/\" target=\"_blank\" rel=\"noreferrer noopener\">&#8220;5 Poemas de Lindolfo Roberto Nascimento&#8221; &#8211; Aboio<\/a><\/p>\n\n\n\n<p><\/p>\n\n\n\n<p><\/p>\n","protected":false},"excerpt":{"rendered":"<p>&#8220;\u00c1lcool e F\u00f3sforos no fim do T\u00fanel&#8221; (Livro) Sinopse: Romance independente publicado pela editora Livre Express\u00e3o com recursos pr\u00f3prios do autor em setembro de 2012, \u00c1lcool e F\u00f3sforos no Fim do T\u00fanel retrata um momento de mudan\u00e7a na vida do jovem Igor Matacavallos, ao sair da casa dos pais, largar um subemprego que odiava e [&hellip;]<\/p>\n","protected":false},"author":24,"featured_media":0,"comment_status":"closed","ping_status":"closed","sticky":false,"template":"","format":"standard","meta":{"footnotes":""},"categories":[1],"tags":[],"class_list":["post-22","post","type-post","status-publish","hentry","category-obralindolforn"],"_links":{"self":[{"href":"https:\/\/extremidades.art\/x\/lindolforobertonascimento\/wp-json\/wp\/v2\/posts\/22","targetHints":{"allow":["GET"]}}],"collection":[{"href":"https:\/\/extremidades.art\/x\/lindolforobertonascimento\/wp-json\/wp\/v2\/posts"}],"about":[{"href":"https:\/\/extremidades.art\/x\/lindolforobertonascimento\/wp-json\/wp\/v2\/types\/post"}],"author":[{"embeddable":true,"href":"https:\/\/extremidades.art\/x\/lindolforobertonascimento\/wp-json\/wp\/v2\/users\/24"}],"replies":[{"embeddable":true,"href":"https:\/\/extremidades.art\/x\/lindolforobertonascimento\/wp-json\/wp\/v2\/comments?post=22"}],"version-history":[{"count":6,"href":"https:\/\/extremidades.art\/x\/lindolforobertonascimento\/wp-json\/wp\/v2\/posts\/22\/revisions"}],"predecessor-version":[{"id":140,"href":"https:\/\/extremidades.art\/x\/lindolforobertonascimento\/wp-json\/wp\/v2\/posts\/22\/revisions\/140"}],"wp:attachment":[{"href":"https:\/\/extremidades.art\/x\/lindolforobertonascimento\/wp-json\/wp\/v2\/media?parent=22"}],"wp:term":[{"taxonomy":"category","embeddable":true,"href":"https:\/\/extremidades.art\/x\/lindolforobertonascimento\/wp-json\/wp\/v2\/categories?post=22"},{"taxonomy":"post_tag","embeddable":true,"href":"https:\/\/extremidades.art\/x\/lindolforobertonascimento\/wp-json\/wp\/v2\/tags?post=22"}],"curies":[{"name":"wp","href":"https:\/\/api.w.org\/{rel}","templated":true}]}}