{"id":78,"date":"2024-07-25T14:50:30","date_gmt":"2024-07-25T17:50:30","guid":{"rendered":"https:\/\/extremidades.art\/x\/ciclodebates2024\/?p=78"},"modified":"2024-07-25T14:58:22","modified_gmt":"2024-07-25T17:58:22","slug":"o-ato-da-imagem-investigacoes-sobre-o-gesto-artistico-com-luiz-claudio-da-costa-uerj","status":"publish","type":"post","link":"https:\/\/extremidades.art\/x\/ciclodebates2024\/2024\/07\/25\/o-ato-da-imagem-investigacoes-sobre-o-gesto-artistico-com-luiz-claudio-da-costa-uerj\/","title":{"rendered":"O ATO DA IMAGEM: INVESTIGA\u00c7\u00d5ES SOBRE O GESTO ART\u00cdSTICO, COM LUIZ CL\u00c1UDIO DA COSTA (UERJ)"},"content":{"rendered":"\n<div class=\"wp-block-columns is-layout-flex wp-container-core-columns-is-layout-9d6595d7 wp-block-columns-is-layout-flex\">\n<div class=\"wp-block-column is-layout-flow wp-block-column-is-layout-flow\">\n<div class=\"wp-block-columns is-layout-flex wp-container-core-columns-is-layout-9d6595d7 wp-block-columns-is-layout-flex\">\n<div class=\"wp-block-column is-layout-flow wp-block-column-is-layout-flow\">\n<div class=\"wp-block-columns is-layout-flex wp-container-core-columns-is-layout-9d6595d7 wp-block-columns-is-layout-flex\">\n<div class=\"wp-block-column is-vertically-aligned-top is-layout-flow wp-block-column-is-layout-flow\" style=\"flex-basis:66.66%\">\n<p><strong>Luiz Cl\u00e1udio da Costa<\/strong> \u00e9 professor Associado do Instituto de Artes da Universidade do Estado do Rio de Janeiro (UERJ), atuando nos cursos de Gradua\u00e7\u00e3o e no Programa de P\u00f3s-gradua\u00e7\u00e3o em Artes (PPGartes\/Uerj). \u00c9 bolsista Produtividade do CNPq, Procientista da Uerj\/Faperj e Cientistas do Nosso Estado (Faperj). Publicou os livros \u201cA condi\u00e7\u00e3o prec\u00e1ria da arte: corpo e imagem no s\u00e9culo XXI\u201c (Relic\u00e1rio, 2022);\u201cA gravidade da imagem: arte e mem\u00f3ria na contemporaneidade\u201d (Quartet, 2014) e \u201cCinema brasileiro (anos 70-70), dissimetria, oscila\u00e7\u00e3o e simulacro\u201d (7 Letras, 2000). \u00c9 doutor em Comunica\u00e7\u00e3o pela Universidade Federal do Rio de Janeiro (UFRJ) com bolsa do CNPq e p\u00f3s-doutor pela Universit\u00e9 de Paris 1-Sorbonne com bolsa da Capes. Foi editor respons\u00e1vel pelas colet\u00e2neas \u201cNarrativas, fic\u00e7\u00f5es, subjetividades\u201d (em parceria com Sheila Cabo Geraldo \u2013 Quartet, 2012), \u201cDispositivos de registros na arte contempor\u00e2nea\u201d (Contra Capa, 2010). Foi vice-presidente da ANPAP no bi\u00eanio 2011-12. Foi curador das exposi\u00e7\u00f5es Espa\u00e7os do Ainda (Pa\u00e7o Imperial, Rio de Janeiro, 2022), Tempo-Mat\u00e9ria (MAC-Niter\u00f3i, 2010), Paisagem e extremos (CCJF, Rio de Janeiro, 2012), Cidade e desaparecimento (CCJF, Rio de Janeiro, 2011) e co-curador da exposi\u00e7\u00e3o Carlos Zilio: paisagens 1974-1978 (Galeria Candido Portinari, Uerj, 2011). Publicou na \u201cARS\u201d (USP), \u201cArte e Ensaios\u201d (UFRJ), \u201cPoi\u00e9isis\u201d (UFF), entre outras.<\/p>\n<\/div>\n\n\n\n<div class=\"wp-block-column is-layout-flow wp-block-column-is-layout-flow\" style=\"flex-basis:40%\">\n<div class=\"wp-block-image is-style-rounded\"><figure class=\"aligncenter size-full is-resized\"><img loading=\"lazy\" decoding=\"async\" src=\"http:\/\/extremidades.art\/x\/ciclodebates2024\/wp-content\/uploads\/sites\/23\/2024\/07\/foto-luz-claudio-1.jpeg\" alt=\"\" class=\"wp-image-88\" width=\"303\" height=\"303\" srcset=\"https:\/\/extremidades.art\/x\/ciclodebates2024\/wp-content\/uploads\/sites\/23\/2024\/07\/foto-luz-claudio-1.jpeg 224w, https:\/\/extremidades.art\/x\/ciclodebates2024\/wp-content\/uploads\/sites\/23\/2024\/07\/foto-luz-claudio-1-150x150.jpeg 150w\" sizes=\"auto, (max-width: 303px) 100vw, 303px\" \/><figcaption>Luiz Cl\u00e1udio da Costa (UERJ)<\/figcaption><\/figure><\/div>\n<\/div>\n<\/div>\n<\/div>\n<\/div>\n<\/div>\n<\/div>\n\n\n\n<div style=\"height:100px\" aria-hidden=\"true\" class=\"wp-block-spacer\"><\/div>\n\n\n\n<div style=\"height:100px\" aria-hidden=\"true\" class=\"wp-block-spacer\"><\/div>\n\n\n\n<div style=\"height:100px\" aria-hidden=\"true\" class=\"wp-block-spacer\"><\/div>\n","protected":false},"excerpt":{"rendered":"<p>Luiz Cl\u00e1udio da Costa \u00e9 professor Associado do Instituto de Artes da Universidade do Estado do Rio de Janeiro (UERJ), atuando nos cursos de Gradua\u00e7\u00e3o e no Programa de P\u00f3s-gradua\u00e7\u00e3o em Artes (PPGartes\/Uerj). \u00c9 bolsista Produtividade do CNPq, Procientista da Uerj\/Faperj e Cientistas do Nosso Estado (Faperj). Publicou os livros \u201cA condi\u00e7\u00e3o prec\u00e1ria da arte: [&hellip;]<\/p>\n","protected":false},"author":1,"featured_media":0,"comment_status":"closed","ping_status":"closed","sticky":false,"template":"","format":"standard","meta":{"footnotes":""},"categories":[3],"tags":[],"class_list":["post-78","post","type-post","status-publish","hentry","category-debate-1-23-08-2024"],"_links":{"self":[{"href":"https:\/\/extremidades.art\/x\/ciclodebates2024\/wp-json\/wp\/v2\/posts\/78","targetHints":{"allow":["GET"]}}],"collection":[{"href":"https:\/\/extremidades.art\/x\/ciclodebates2024\/wp-json\/wp\/v2\/posts"}],"about":[{"href":"https:\/\/extremidades.art\/x\/ciclodebates2024\/wp-json\/wp\/v2\/types\/post"}],"author":[{"embeddable":true,"href":"https:\/\/extremidades.art\/x\/ciclodebates2024\/wp-json\/wp\/v2\/users\/1"}],"replies":[{"embeddable":true,"href":"https:\/\/extremidades.art\/x\/ciclodebates2024\/wp-json\/wp\/v2\/comments?post=78"}],"version-history":[{"count":45,"href":"https:\/\/extremidades.art\/x\/ciclodebates2024\/wp-json\/wp\/v2\/posts\/78\/revisions"}],"predecessor-version":[{"id":144,"href":"https:\/\/extremidades.art\/x\/ciclodebates2024\/wp-json\/wp\/v2\/posts\/78\/revisions\/144"}],"wp:attachment":[{"href":"https:\/\/extremidades.art\/x\/ciclodebates2024\/wp-json\/wp\/v2\/media?parent=78"}],"wp:term":[{"taxonomy":"category","embeddable":true,"href":"https:\/\/extremidades.art\/x\/ciclodebates2024\/wp-json\/wp\/v2\/categories?post=78"},{"taxonomy":"post_tag","embeddable":true,"href":"https:\/\/extremidades.art\/x\/ciclodebates2024\/wp-json\/wp\/v2\/tags?post=78"}],"curies":[{"name":"wp","href":"https:\/\/api.w.org\/{rel}","templated":true}]}}