{"id":63,"date":"2024-07-24T11:00:39","date_gmt":"2024-07-24T14:00:39","guid":{"rendered":"https:\/\/extremidades.art\/x\/ciclodebates2024\/?p=63"},"modified":"2024-09-06T12:01:18","modified_gmt":"2024-09-06T15:01:18","slug":"programacao-completa","status":"publish","type":"post","link":"https:\/\/extremidades.art\/x\/ciclodebates2024\/2024\/07\/24\/programacao-completa\/","title":{"rendered":"PROGRAMA\u00c7\u00c3O COMPLETA"},"content":{"rendered":"\n<h2 class=\"wp-block-heading\" style=\"font-size:26px\">Os debates acontecer\u00e3o no segundo semestre de 2024, uma vez ao m\u00eas, sempre \u00e0s sextas-feiras, das 15:45 \u00e0s 18h, via Plataforma Zoom.<\/h2>\n\n\n\n<div style=\"height:30px\" aria-hidden=\"true\" class=\"wp-block-spacer\"><\/div>\n\n\n\n<p><strong>23 de agosto:<\/strong> 15:45 \u00e0s 18:00<br><strong>Palestrante:<\/strong> Luiz Cl\u00e1udio da Costa (UERJ)<\/p>\n\n\n\n<p><em><strong>O ato da imagem: investiga\u00e7\u00f5es sobre o gesto art\u00edstico<br><\/strong><\/em><strong>Abertura e media\u00e7\u00e3o: <\/strong>Christine Mello (PUC-SP\/ UERJ)<br><strong>Debatedora:<\/strong> Alessandra Bocchio (UFRGS)<br><strong>Ativadoras: <\/strong>Cristiana Miranda (Facha-UERJ-PUC-SP) e Paula Garcia (PUC-SP)<\/p>\n\n\n\n<p><strong>Inscri\u00e7\u00e3o: <\/strong><a href=\"https:\/\/docs.google.com\/forms\/d\/109MUI3fHa8J5FutBp1qOuiWMkh0MPuUNSkE4AJELka8\/viewform?edit_requested=true\">https:\/\/docs.google.com\/forms\/d\/109MUI3fHa8J5FutBp1qOuiWMkh0MPuUNSkE4AJELka8\/viewform?edit_requested=true<\/a> <\/p>\n\n\n\n<div style=\"height:50px\" aria-hidden=\"true\" class=\"wp-block-spacer\"><\/div>\n\n\n\n<p><strong>13 de setembro: <\/strong>15:45 \u00e0s 18:00<br><strong>Palestrante: <\/strong>Priscila Arantes (PUC-SP)<\/p>\n\n\n\n<p><em><strong>Pol\u00edticas da mem\u00f3ria e do apagamento: arte, m\u00eddia e ativismo no s\u00e9culo XXI<br><\/strong><\/em><strong>Abertura e media\u00e7\u00e3o: <\/strong>Christine Mello (PUC-SP\/ UERJ)<br><strong>Debatedora: <\/strong>Nathalia Rech<br><strong>Ativadores: <\/strong>Lindolfo Roberto Nascimento(PUC-SP) e Malka Borenstein (PUC-SP)<\/p>\n\n\n\n<p><meta charset=\"utf-8\"><strong>Inscri\u00e7\u00e3o: <\/strong><a href=\"https:\/\/docs.google.com\/forms\/d\/16Sm6fnjDY6QG6Atxwhl5Y-4m-wmgsOJDY8PYhA2wTVE\/viewform?edit_requested=true\" data-type=\"URL\" data-id=\"https:\/\/docs.google.com\/forms\/d\/16Sm6fnjDY6QG6Atxwhl5Y-4m-wmgsOJDY8PYhA2wTVE\/viewform?edit_requested=true\">https:\/\/docs.google.com\/forms\/d\/16Sm6fnjDY6QG6Atxwhl5Y-4m-wmgsOJDY8PYhA2wTVE\/viewform?edit_requested=true<\/a><\/p>\n\n\n\n<div style=\"height:50px\" aria-hidden=\"true\" class=\"wp-block-spacer\"><\/div>\n\n\n\n<p><strong>11 de outubro: <\/strong>15:45 \u00e0s 18:00<br><strong>Palestrante: <\/strong>Cesar Baio (UNICAMP)<\/p>\n\n\n\n<p><em><strong>Arte que imagina o pensamento n\u00e3o antropoc\u00eantrico<br><\/strong><\/em><strong>Abertura e media\u00e7\u00e3o: <\/strong>Christine Mello (PUC-SP\/ UERJ)<br><strong>Debatedora: <\/strong>Fernanda Oliveira (UNICAMP)<br><strong>Ativadores: <\/strong>Antonio Borduque (USP) e J\u00falia Milar\u00e9 Gropo (PUC-SP)<\/p>\n\n\n\n<p><meta charset=\"utf-8\"><strong>Inscri\u00e7\u00e3o: <\/strong><a href=\"https:\/\/docs.google.com\/forms\/d\/1ZUeTKxlTlb0LK4NLK3HyELpYTBpy1WxUOrW_PZUMPeg\/viewform?edit_requested=true\" data-type=\"URL\" data-id=\"https:\/\/docs.google.com\/forms\/d\/1ZUeTKxlTlb0LK4NLK3HyELpYTBpy1WxUOrW_PZUMPeg\/viewform?edit_requested=true\">https:\/\/docs.google.com\/forms\/d\/1ZUeTKxlTlb0LK4NLK3HyELpYTBpy1WxUOrW_PZUMPeg\/viewform?edit_requested=true<\/a><\/p>\n\n\n\n<div style=\"height:50px\" aria-hidden=\"true\" class=\"wp-block-spacer\"><\/div>\n\n\n\n<p><strong>22 de novembro: <\/strong>15:45 \u00e0s 18:00<br><strong>Palestrante:<\/strong> Christine Mello (PUC-SP\/ UERJ)<\/p>\n\n\n\n<p><\/p>\n\n\n\n<p><strong><em>Por outras imagens do mundo: arte, m\u00eddia e pol\u00edtica<br><\/em>Abertura e media\u00e7\u00e3o:<\/strong> Larissa Mac\u00eado (FEBASP e PUC-SP)<br><strong>Debatedor:<\/strong> Dudu Tsuda (UNESP)<br><strong>Ativadores: <\/strong>Henrique Nogueira Neme (PUC-SP) e Virg\u00ednia de Medeiros (PUC-SP)<br><strong>Inscri\u00e7\u00f5es: <\/strong><a rel=\"noreferrer noopener\" href=\"https:\/\/docs.google.com\/forms\/d\/1WDgeAC-u0tamBFa3WeDNt4-5Plrb4h0DqmWhIzDBw0s\/viewform?edit_requested=true\" target=\"_blank\">https:\/\/docs.google.com\/forms\/d\/1WDgeAC-u0tamBFa3WeDNt4-5Plrb4h0DqmWhIzDBw0s\/viewform?edit_requested=true<\/a><\/p>\n\n\n\n<div style=\"height:50px\" aria-hidden=\"true\" class=\"wp-block-spacer\"><\/div>\n\n\n\n<figure class=\"wp-block-image size-large is-style-default\"><img loading=\"lazy\" decoding=\"async\" width=\"1024\" height=\"1024\" src=\"https:\/\/extremidades.art\/x\/ciclodebates2024\/wp-content\/uploads\/sites\/23\/2024\/09\/WhatsApp-Image-2024-09-06-at-10.23.59-1024x1024.jpeg\" alt=\"\" class=\"wp-image-345\" srcset=\"https:\/\/extremidades.art\/x\/ciclodebates2024\/wp-content\/uploads\/sites\/23\/2024\/09\/WhatsApp-Image-2024-09-06-at-10.23.59-1024x1024.jpeg 1024w, https:\/\/extremidades.art\/x\/ciclodebates2024\/wp-content\/uploads\/sites\/23\/2024\/09\/WhatsApp-Image-2024-09-06-at-10.23.59-300x300.jpeg 300w, https:\/\/extremidades.art\/x\/ciclodebates2024\/wp-content\/uploads\/sites\/23\/2024\/09\/WhatsApp-Image-2024-09-06-at-10.23.59-150x150.jpeg 150w, https:\/\/extremidades.art\/x\/ciclodebates2024\/wp-content\/uploads\/sites\/23\/2024\/09\/WhatsApp-Image-2024-09-06-at-10.23.59-768x768.jpeg 768w, https:\/\/extremidades.art\/x\/ciclodebates2024\/wp-content\/uploads\/sites\/23\/2024\/09\/WhatsApp-Image-2024-09-06-at-10.23.59-1536x1536.jpeg 1536w, https:\/\/extremidades.art\/x\/ciclodebates2024\/wp-content\/uploads\/sites\/23\/2024\/09\/WhatsApp-Image-2024-09-06-at-10.23.59-500x500.jpeg 500w, https:\/\/extremidades.art\/x\/ciclodebates2024\/wp-content\/uploads\/sites\/23\/2024\/09\/WhatsApp-Image-2024-09-06-at-10.23.59.jpeg 1600w\" sizes=\"auto, (max-width: 1024px) 100vw, 1024px\" \/><\/figure>\n\n\n\n<div style=\"height:100px\" aria-hidden=\"true\" class=\"wp-block-spacer\"><\/div>\n\n\n\n<div style=\"height:100px\" aria-hidden=\"true\" class=\"wp-block-spacer\"><\/div>\n","protected":false},"excerpt":{"rendered":"<p>Os debates acontecer\u00e3o no segundo semestre de 2024, uma vez ao m\u00eas, sempre \u00e0s sextas-feiras, das 15:45 \u00e0s 18h, via Plataforma Zoom. 23 de agosto: 15:45 \u00e0s 18:00Palestrante: Luiz Cl\u00e1udio da Costa (UERJ) O ato da imagem: investiga\u00e7\u00f5es sobre o gesto art\u00edsticoAbertura e media\u00e7\u00e3o: Christine Mello (PUC-SP\/ UERJ)Debatedora: Alessandra Bocchio (UFRGS)Ativadoras: Cristiana Miranda (Facha-UERJ-PUC-SP) e [&hellip;]<\/p>\n","protected":false},"author":1,"featured_media":0,"comment_status":"closed","ping_status":"closed","sticky":false,"template":"","format":"standard","meta":{"footnotes":""},"categories":[2],"tags":[],"class_list":["post-63","post","type-post","status-publish","hentry","category-apresentacao"],"_links":{"self":[{"href":"https:\/\/extremidades.art\/x\/ciclodebates2024\/wp-json\/wp\/v2\/posts\/63","targetHints":{"allow":["GET"]}}],"collection":[{"href":"https:\/\/extremidades.art\/x\/ciclodebates2024\/wp-json\/wp\/v2\/posts"}],"about":[{"href":"https:\/\/extremidades.art\/x\/ciclodebates2024\/wp-json\/wp\/v2\/types\/post"}],"author":[{"embeddable":true,"href":"https:\/\/extremidades.art\/x\/ciclodebates2024\/wp-json\/wp\/v2\/users\/1"}],"replies":[{"embeddable":true,"href":"https:\/\/extremidades.art\/x\/ciclodebates2024\/wp-json\/wp\/v2\/comments?post=63"}],"version-history":[{"count":16,"href":"https:\/\/extremidades.art\/x\/ciclodebates2024\/wp-json\/wp\/v2\/posts\/63\/revisions"}],"predecessor-version":[{"id":349,"href":"https:\/\/extremidades.art\/x\/ciclodebates2024\/wp-json\/wp\/v2\/posts\/63\/revisions\/349"}],"wp:attachment":[{"href":"https:\/\/extremidades.art\/x\/ciclodebates2024\/wp-json\/wp\/v2\/media?parent=63"}],"wp:term":[{"taxonomy":"category","embeddable":true,"href":"https:\/\/extremidades.art\/x\/ciclodebates2024\/wp-json\/wp\/v2\/categories?post=63"},{"taxonomy":"post_tag","embeddable":true,"href":"https:\/\/extremidades.art\/x\/ciclodebates2024\/wp-json\/wp\/v2\/tags?post=63"}],"curies":[{"name":"wp","href":"https:\/\/api.w.org\/{rel}","templated":true}]}}