{"id":225,"date":"2024-08-02T17:44:41","date_gmt":"2024-08-02T20:44:41","guid":{"rendered":"https:\/\/extremidades.art\/x\/ciclodebates2024\/?p=225"},"modified":"2024-08-02T17:52:14","modified_gmt":"2024-08-02T20:52:14","slug":"material-para-consulta-4","status":"publish","type":"post","link":"https:\/\/extremidades.art\/x\/ciclodebates2024\/2024\/08\/02\/material-para-consulta-4\/","title":{"rendered":"MATERIAL PARA CONSULTA"},"content":{"rendered":"\n<p>Livro \u201cArtes e Pr\u00e1ticas Culturais\u201d, organiza\u00e7\u00e3o de Fabio Cypriano e Priscila Arantes, Editora Educ.<\/p>\n\n\n\n<p><strong>Cap\u00edtulo 09 \u201c<em>Por outras imagens do mundo: arte, m\u00eddia e pol\u00edtica\u201d<\/em>, de Christine Mello (p\u00e1g. 175)<\/strong><\/p>\n\n\n\n<div data-wp-interactive=\"core\/file\" class=\"wp-block-file\"><object data-wp-bind--hidden=\"!state.hasPdfPreview\" hidden class=\"wp-block-file__embed\" data=\"https:\/\/extremidades.art\/x\/ciclodebates2024\/wp-content\/uploads\/sites\/23\/2024\/08\/Livro-Artes-e-Praticas-culturais.pdf\" type=\"application\/pdf\" style=\"width:100%;height:650px\" aria-label=\"Incorporado de Incorporado de Livro-Artes-e-Praticas-culturais..\"><\/object><a href=\"https:\/\/extremidades.art\/x\/ciclodebates2024\/wp-content\/uploads\/sites\/23\/2024\/08\/Livro-Artes-e-Praticas-culturais.pdf\">Livro-Artes-e-Praticas-culturais<\/a><a href=\"https:\/\/extremidades.art\/x\/ciclodebates2024\/wp-content\/uploads\/sites\/23\/2024\/08\/Livro-Artes-e-Praticas-culturais.pdf\" class=\"wp-block-file__button\" download>Baixar<\/a><\/div>\n\n\n\n<div style=\"height:100px\" aria-hidden=\"true\" class=\"wp-block-spacer\"><\/div>\n\n\n\n<div style=\"height:100px\" aria-hidden=\"true\" class=\"wp-block-spacer\"><\/div>\n\n\n\n<div style=\"height:100px\" aria-hidden=\"true\" class=\"wp-block-spacer\"><\/div>\n","protected":false},"excerpt":{"rendered":"<p>Livro \u201cArtes e Pr\u00e1ticas Culturais\u201d, organiza\u00e7\u00e3o de Fabio Cypriano e Priscila Arantes, Editora Educ. Cap\u00edtulo 09 \u201cPor outras imagens do mundo: arte, m\u00eddia e pol\u00edtica\u201d, de Christine Mello (p\u00e1g. 175)<\/p>\n","protected":false},"author":1,"featured_media":0,"comment_status":"closed","ping_status":"closed","sticky":false,"template":"","format":"standard","meta":{"footnotes":""},"categories":[6],"tags":[],"class_list":["post-225","post","type-post","status-publish","hentry","category-debate-4-22-11-2024"],"_links":{"self":[{"href":"https:\/\/extremidades.art\/x\/ciclodebates2024\/wp-json\/wp\/v2\/posts\/225","targetHints":{"allow":["GET"]}}],"collection":[{"href":"https:\/\/extremidades.art\/x\/ciclodebates2024\/wp-json\/wp\/v2\/posts"}],"about":[{"href":"https:\/\/extremidades.art\/x\/ciclodebates2024\/wp-json\/wp\/v2\/types\/post"}],"author":[{"embeddable":true,"href":"https:\/\/extremidades.art\/x\/ciclodebates2024\/wp-json\/wp\/v2\/users\/1"}],"replies":[{"embeddable":true,"href":"https:\/\/extremidades.art\/x\/ciclodebates2024\/wp-json\/wp\/v2\/comments?post=225"}],"version-history":[{"count":3,"href":"https:\/\/extremidades.art\/x\/ciclodebates2024\/wp-json\/wp\/v2\/posts\/225\/revisions"}],"predecessor-version":[{"id":235,"href":"https:\/\/extremidades.art\/x\/ciclodebates2024\/wp-json\/wp\/v2\/posts\/225\/revisions\/235"}],"wp:attachment":[{"href":"https:\/\/extremidades.art\/x\/ciclodebates2024\/wp-json\/wp\/v2\/media?parent=225"}],"wp:term":[{"taxonomy":"category","embeddable":true,"href":"https:\/\/extremidades.art\/x\/ciclodebates2024\/wp-json\/wp\/v2\/categories?post=225"},{"taxonomy":"post_tag","embeddable":true,"href":"https:\/\/extremidades.art\/x\/ciclodebates2024\/wp-json\/wp\/v2\/tags?post=225"}],"curies":[{"name":"wp","href":"https:\/\/api.w.org\/{rel}","templated":true}]}}