{"id":219,"date":"2024-08-02T17:46:57","date_gmt":"2024-08-02T20:46:57","guid":{"rendered":"https:\/\/extremidades.art\/x\/ciclodebates2024\/?p=219"},"modified":"2024-09-04T11:56:56","modified_gmt":"2024-09-04T14:56:56","slug":"por-outras-imagens-do-mundo-arte-midia-e-politica-com-christine-mello-puc-sp-uerj","status":"publish","type":"post","link":"https:\/\/extremidades.art\/x\/ciclodebates2024\/2024\/08\/02\/por-outras-imagens-do-mundo-arte-midia-e-politica-com-christine-mello-puc-sp-uerj\/","title":{"rendered":"POR OUTRAS IMAGENS DO MUNDO: ARTE, M\u00cdDIA E POL\u00cdTICA, COM CHRISTINE MELLO (PUC-SP\/ UERJ)"},"content":{"rendered":"\n<div class=\"wp-block-columns is-layout-flex wp-container-core-columns-is-layout-9d6595d7 wp-block-columns-is-layout-flex\">\n<div class=\"wp-block-column is-layout-flow wp-block-column-is-layout-flow\" style=\"flex-basis:66.66%\">\n<p><strong>Christine Mello<\/strong> \u00e9 te\u00f3rica, cr\u00edtica, curadora e pesquisadora de p\u00f3s-doutorado (Bolsa FAPERJ\/2022-2024) no PPGARTES da UERJ. Professora da PUC-SP, atua no PPGCOS e no Mestrado Arte e Pr\u00e1ticas Culturais, sendo <meta charset=\"utf-8\">doutora e mestre em Comunica\u00e7\u00e3o e Semi\u00f3tica (PUC-SP), com p\u00f3s-doutorado em Artes tamb\u00e9m pela ECA\/USP (2008-2009). Autora de Extremidades do v\u00eddeo (Senac, 2008) entre outras publica\u00e7\u00f5es, trabalhou em institui\u00e7\u00f5es como Bienal Internacional de S\u00e3o Paulo, Museo Reina Sofia, Ita\u00fa Cultural e Videobrasil. Coordena o Grupo de Pesquisa eXtremidades e a Cole\u00e7\u00e3o eXtremidades (<a href=\"http:\/\/www.extremidades.art\" data-type=\"URL\" data-id=\"www.extremidades.art\">www.extremidades.art<\/a>).<\/p>\n<\/div>\n\n\n\n<div class=\"wp-block-column is-layout-flow wp-block-column-is-layout-flow\" style=\"flex-basis:33.33%\">\n<div class=\"wp-block-image is-style-rounded wp-duotone-000000-ffffff-1\"><figure class=\"aligncenter size-large is-resized\"><img loading=\"lazy\" decoding=\"async\" src=\"https:\/\/extremidades.art\/x\/ciclodebates2024\/wp-content\/uploads\/sites\/23\/2024\/08\/foto-Chris-edited.jpg\" alt=\"\" class=\"wp-image-221\" width=\"215\" height=\"215\" srcset=\"https:\/\/extremidades.art\/x\/ciclodebates2024\/wp-content\/uploads\/sites\/23\/2024\/08\/foto-Chris-edited.jpg 800w, https:\/\/extremidades.art\/x\/ciclodebates2024\/wp-content\/uploads\/sites\/23\/2024\/08\/foto-Chris-edited-300x300.jpg 300w, https:\/\/extremidades.art\/x\/ciclodebates2024\/wp-content\/uploads\/sites\/23\/2024\/08\/foto-Chris-edited-150x150.jpg 150w, https:\/\/extremidades.art\/x\/ciclodebates2024\/wp-content\/uploads\/sites\/23\/2024\/08\/foto-Chris-edited-768x769.jpg 768w, https:\/\/extremidades.art\/x\/ciclodebates2024\/wp-content\/uploads\/sites\/23\/2024\/08\/foto-Chris-edited-500x500.jpg 500w\" sizes=\"auto, (max-width: 215px) 100vw, 215px\" \/><\/figure><\/div>\n<\/div>\n<\/div>\n","protected":false},"excerpt":{"rendered":"<p>Christine Mello \u00e9 te\u00f3rica, cr\u00edtica, curadora e pesquisadora de p\u00f3s-doutorado (Bolsa FAPERJ\/2022-2024) no PPGARTES da UERJ. Professora da PUC-SP, atua no PPGCOS e no Mestrado Arte e Pr\u00e1ticas Culturais, sendo doutora e mestre em Comunica\u00e7\u00e3o e Semi\u00f3tica (PUC-SP), com p\u00f3s-doutorado em Artes tamb\u00e9m pela ECA\/USP (2008-2009). Autora de Extremidades do v\u00eddeo (Senac, 2008) entre outras [&hellip;]<\/p>\n","protected":false},"author":1,"featured_media":0,"comment_status":"closed","ping_status":"closed","sticky":false,"template":"","format":"standard","meta":{"footnotes":""},"categories":[6],"tags":[],"class_list":["post-219","post","type-post","status-publish","hentry","category-debate-4-22-11-2024"],"_links":{"self":[{"href":"https:\/\/extremidades.art\/x\/ciclodebates2024\/wp-json\/wp\/v2\/posts\/219","targetHints":{"allow":["GET"]}}],"collection":[{"href":"https:\/\/extremidades.art\/x\/ciclodebates2024\/wp-json\/wp\/v2\/posts"}],"about":[{"href":"https:\/\/extremidades.art\/x\/ciclodebates2024\/wp-json\/wp\/v2\/types\/post"}],"author":[{"embeddable":true,"href":"https:\/\/extremidades.art\/x\/ciclodebates2024\/wp-json\/wp\/v2\/users\/1"}],"replies":[{"embeddable":true,"href":"https:\/\/extremidades.art\/x\/ciclodebates2024\/wp-json\/wp\/v2\/comments?post=219"}],"version-history":[{"count":3,"href":"https:\/\/extremidades.art\/x\/ciclodebates2024\/wp-json\/wp\/v2\/posts\/219\/revisions"}],"predecessor-version":[{"id":329,"href":"https:\/\/extremidades.art\/x\/ciclodebates2024\/wp-json\/wp\/v2\/posts\/219\/revisions\/329"}],"wp:attachment":[{"href":"https:\/\/extremidades.art\/x\/ciclodebates2024\/wp-json\/wp\/v2\/media?parent=219"}],"wp:term":[{"taxonomy":"category","embeddable":true,"href":"https:\/\/extremidades.art\/x\/ciclodebates2024\/wp-json\/wp\/v2\/categories?post=219"},{"taxonomy":"post_tag","embeddable":true,"href":"https:\/\/extremidades.art\/x\/ciclodebates2024\/wp-json\/wp\/v2\/tags?post=219"}],"curies":[{"name":"wp","href":"https:\/\/api.w.org\/{rel}","templated":true}]}}