{"id":192,"date":"2024-08-02T16:45:44","date_gmt":"2024-08-02T19:45:44","guid":{"rendered":"https:\/\/extremidades.art\/x\/ciclodebates2024\/?p=192"},"modified":"2024-09-04T11:53:55","modified_gmt":"2024-09-04T14:53:55","slug":"convidados-4","status":"publish","type":"post","link":"https:\/\/extremidades.art\/x\/ciclodebates2024\/2024\/08\/02\/convidados-4\/","title":{"rendered":"CONVIDADOS"},"content":{"rendered":"\n<p><strong>Abertura e media\u00e7\u00e3o: Larissa Mac\u00eado (FEBASP e PUC-SP)<\/strong><\/p>\n\n\n\n<p><strong>Larissa Mac\u00eado<\/strong> \u00e9 artista, curadora, professora, pesquisadora, doutora e mestre em Comunica\u00e7\u00e3o e Semi\u00f3tica (PUC-SP). \u00c9 uma das criadoras do projeto que busca evidenciar os impactos da intelig\u00eancia artificial na produ\u00e7\u00e3o de artistas negros e ind\u00edgenas nas redes sociais. Tamb\u00e9m \u00e9 professora nos cursos de gradua\u00e7\u00e3o e p\u00f3s-gradua\u00e7\u00e3o de Licenciatura em Artes e Comunica\u00e7\u00e3o Social do Centro Universit\u00e1rio Belas Artes (FEBASP). E, realiza palestras, cursos e oficinas com tem\u00e1ticas voltadas \u00e0s quest\u00f5es relacionadas \u00e0s diversidades, \u00e0s redes sociais, \u00e0 intelig\u00eancia artificial, \u00e0s novas est\u00e9ticas e \u00e0s pr\u00e1ticas art\u00edsticas e curatoriais ativistas e multidisciplinares sob uma perspectiva negra e contracolonial brasileira. <\/p>\n\n\n\n<div style=\"height:100px\" aria-hidden=\"true\" class=\"wp-block-spacer\"><\/div>\n\n\n\n<p><strong>Debatedor: Dudu Tsuda (UNESP)<\/strong><\/p>\n\n\n\n<p><strong>Dudu Tsuda <\/strong>\u00e9 artista multim\u00eddia, artista sonoro, m\u00fasico, compositor, performer, produtor musical, professor convidado da PUC\/SP e professor da Universidade Anhembi Morumbi. Doutor em Artes Visuais pela UNESP (Bolsista CAPES) e mestre pelo programa Tecnologias da Intelig\u00eancia e Design Digital PUC-SP (Bolsita CAPES 2014). Bacharel em Comunica\u00e7\u00e3o em Multimeios PUC-SP (Bolsita CAPES 2005). Realizou programas de resid\u00eancia art\u00edstica, exposi\u00e7\u00f5es, interven\u00e7\u00f5es urbanas, performances e concertos em diferentes pa\u00edses como Fran\u00e7a, Jap\u00e3o, Col\u00f4mbia, Bol\u00edvia, Espanha e Alemanha (<meta charset=\"utf-8\"><a href=\"http:\/\/www.dudutsuda.com\/artworks\" data-type=\"URL\" data-id=\"www.dudutsuda.com\/artworks\">www.dudutsuda.com\/artworks<\/a>). Integra a cia de dan\u00e7a contempor\u00e2nea \u2018N\u00facleo Art\u00e9rias\u2019 (<a href=\"http:\/\/www.nucleoarterias.com\" data-type=\"URL\" data-id=\"www.nucleoarterias.com\">www.nucleoarterias.com<\/a>) desde 2001. Foi contemplado por diferentes pr\u00eamios no Brasil, na Europa e no Jap\u00e3o pela realiza\u00e7\u00e3o de seus trabalhos e por colabora\u00e7\u00f5es com dan\u00e7a contempor\u00e2nea e cinema. Participa do Grupo de Pesquisa Extremidades: redes audiovisuais, cinema, performance e arte contempor\u00e2nea, coordenado por Christine Mello&nbsp; e do grupo GIIP &#8211; Grupo Internacional e Interinstitucional de Pesquisa em Converg\u00eancias entre ARTE, CI\u00caNCIA E TECNOLOGIA, coordenado por Rosangella Leote.<\/p>\n\n\n\n<div style=\"height:100px\" aria-hidden=\"true\" class=\"wp-block-spacer\"><\/div>\n\n\n\n<p><strong>Ativadores: Henrique Nogueira Neme (PUC-SP) e Virginia de Medeiros (PUC-SP)<\/strong><\/p>\n\n\n\n<p><strong>Henrique Nogueira Neme <\/strong>\u00e9 mestre em Comunica\u00e7\u00e3o e Semi\u00f3tica (PUC-SP, sob a orienta\u00e7\u00e3o da professora doutora Christine Mello), com a disserta\u00e7\u00e3o &#8220;Mise en sc\u00e8ne e corpo no cinema no s\u00e9culo XXI: reflex\u00f5es cr\u00edticas a partir de Apichatpong Weerasethakul e Henrique Nogueira Neme&#8221;. Atualmente \u00e9 doutorando em Comunica\u00e7\u00e3o e Semi\u00f3tica (PUC-SP), tamb\u00e9m sob orienta\u00e7\u00e3o de Christine Mello. Suas pesquisas s\u00e3o extens\u00f5es da inicia\u00e7\u00e3o cient\u00edfica realizada em 2014 (FAAP), &#8220;Os conceitos de explora\u00e7\u00e3o e frui\u00e7\u00e3o da mise en sc\u00e8ne no cinema&#8221;, sob orienta\u00e7\u00e3o da professora doutora Edilamar Galv\u00e3o; como tamb\u00e9m suas pesquisas s\u00e3o extens\u00f5es das buscas de Henrique enquanto artista de cinema, te\u00f3rico e cin\u00e9filo. Ele \u00e9 montador de v\u00eddeo, assistente de dire\u00e7\u00e3o e roteirista formado em Comunica\u00e7\u00e3o Social com habilita\u00e7\u00e3o em Cinema, pela FAAP. Dirigiu, escreveu, montou e preparou o elenco dos curtas-metragens: \u201cEntre os Dois\u201d (2015), \u201cComo numa Quarta-feira de Cinzas\u201d (2016) e \u201cHerm\u00e9tico\u201d (2017). \u00c9 integrante do Grupo de Pesquisa &#8220;Extremidades: redes audiovisuais, cinema, performance e arte contempor\u00e2nea&#8221;, coordenado por Christine Mello.<\/p>\n\n\n\n<p><strong>Virg\u00ednia de Medeiros <\/strong>\u00e9 artista visual e pesquisadora. Mestre em Artes Visuais pela EBA-UFBA. Doutoranda no Programa de Estudos P\u00f3s-Gradua\u00e7\u00e3o em Comunica\u00e7\u00e3o e Semi\u00f3tica PUC-SP.\u00a0 Participou da <em>31a e 27\u00aa Bienal Internacional de S\u00e3o Paulo. <\/em>Em 2015\u00a0 ganhou o <em>Pr\u00eamio PIPA<\/em> voto popular e j\u00fari; foi artista premiada na <em>5\u00aa Edi\u00e7\u00e3o Pr\u00eamio Marcantonio Vila\u00e7a. <\/em>Vencedora do <em>18\u00ba Festival Internacional de Arte<\/em> <em>Contempor\u00e2nea\u00a0 Sesc_Videobrasil<\/em> (2013-14). Artista comissionada\u00a0 da <em>11a Bienal de Arte Contempor\u00e2nea de Berlim<\/em> 2020. Exposi\u00e7\u00f5es: 2019 <em>Liebe und Ethnologie<\/em>, HKW Haus der Kulturen der Welt (Berlim); 2019 <em>Hist\u00f3rias Feministas<\/em>, MASP; 2018 <em>Hist\u00f3ria da Sexualidade,<\/em> MASP; 2016 <em>La r\u00e9plica Infiel<\/em>, Centro de Arte 2 de Mayo (Madri); 2015 <em>Rainbow in the dark: no joy e tormento of Faith, <\/em>Malm\u00f6 Konstmuseum (Malm\u00f6). \u00c9 membro do Grupo de Pesquisa Extremidades: redes audiovisuais, cinema, performance e artes contempor\u00e2nea, coordenado por Christine Mello.<\/p>\n\n\n\n<div style=\"height:100px\" aria-hidden=\"true\" class=\"wp-block-spacer\"><\/div>\n\n\n\n<div style=\"height:100px\" aria-hidden=\"true\" class=\"wp-block-spacer\"><\/div>\n\n\n\n<div style=\"height:100px\" aria-hidden=\"true\" class=\"wp-block-spacer\"><\/div>\n\n\n\n<p><\/p>\n\n\n\n<p><\/p>\n\n\n\n<p><\/p>\n\n\n\n<p><\/p>\n\n\n\n<p><\/p>\n\n\n\n<p><\/p>\n","protected":false},"excerpt":{"rendered":"<p>Abertura e media\u00e7\u00e3o: Larissa Mac\u00eado (FEBASP e PUC-SP) Larissa Mac\u00eado \u00e9 artista, curadora, professora, pesquisadora, doutora e mestre em Comunica\u00e7\u00e3o e Semi\u00f3tica (PUC-SP). \u00c9 uma das criadoras do projeto que busca evidenciar os impactos da intelig\u00eancia artificial na produ\u00e7\u00e3o de artistas negros e ind\u00edgenas nas redes sociais. Tamb\u00e9m \u00e9 professora nos cursos de gradua\u00e7\u00e3o e [&hellip;]<\/p>\n","protected":false},"author":1,"featured_media":0,"comment_status":"closed","ping_status":"closed","sticky":false,"template":"","format":"standard","meta":{"footnotes":""},"categories":[6],"tags":[],"class_list":["post-192","post","type-post","status-publish","hentry","category-debate-4-22-11-2024"],"_links":{"self":[{"href":"https:\/\/extremidades.art\/x\/ciclodebates2024\/wp-json\/wp\/v2\/posts\/192","targetHints":{"allow":["GET"]}}],"collection":[{"href":"https:\/\/extremidades.art\/x\/ciclodebates2024\/wp-json\/wp\/v2\/posts"}],"about":[{"href":"https:\/\/extremidades.art\/x\/ciclodebates2024\/wp-json\/wp\/v2\/types\/post"}],"author":[{"embeddable":true,"href":"https:\/\/extremidades.art\/x\/ciclodebates2024\/wp-json\/wp\/v2\/users\/1"}],"replies":[{"embeddable":true,"href":"https:\/\/extremidades.art\/x\/ciclodebates2024\/wp-json\/wp\/v2\/comments?post=192"}],"version-history":[{"count":10,"href":"https:\/\/extremidades.art\/x\/ciclodebates2024\/wp-json\/wp\/v2\/posts\/192\/revisions"}],"predecessor-version":[{"id":327,"href":"https:\/\/extremidades.art\/x\/ciclodebates2024\/wp-json\/wp\/v2\/posts\/192\/revisions\/327"}],"wp:attachment":[{"href":"https:\/\/extremidades.art\/x\/ciclodebates2024\/wp-json\/wp\/v2\/media?parent=192"}],"wp:term":[{"taxonomy":"category","embeddable":true,"href":"https:\/\/extremidades.art\/x\/ciclodebates2024\/wp-json\/wp\/v2\/categories?post=192"},{"taxonomy":"post_tag","embeddable":true,"href":"https:\/\/extremidades.art\/x\/ciclodebates2024\/wp-json\/wp\/v2\/tags?post=192"}],"curies":[{"name":"wp","href":"https:\/\/api.w.org\/{rel}","templated":true}]}}