{"id":182,"date":"2024-07-26T13:05:44","date_gmt":"2024-07-26T16:05:44","guid":{"rendered":"https:\/\/extremidades.art\/x\/ciclodebates2024\/?p=182"},"modified":"2024-10-11T17:39:39","modified_gmt":"2024-10-11T20:39:39","slug":"convidados-3","status":"publish","type":"post","link":"https:\/\/extremidades.art\/x\/ciclodebates2024\/2024\/07\/26\/convidados-3\/","title":{"rendered":"CONVIDADOS"},"content":{"rendered":"\n<p><strong>Abertura e media\u00e7\u00e3o: Christine Mello (PUC-SP\/ UERJ)<\/strong><\/p>\n\n\n\n<p><strong>Christine Mello <\/strong>\u00e9 te\u00f3rica, cr\u00edtica, curadora e pesquisadora de p\u00f3s-doutorado (Bolsa FAPERJ\/2022-2024) no PPGARTES da UERJ. Professora da PUC-SP, atua no PPGCOS e no Mestrado Arte e Pr\u00e1ticas Culturais, sendo doutora e mestre em Comunica\u00e7\u00e3o e Semi\u00f3tica (PUC-SP), com p\u00f3s-doutorado em Artes tamb\u00e9m pela ECA\/USP (2008-2009). Autora de Extremidades do v\u00eddeo (Senac, 2008) entre outras publica\u00e7\u00f5es, trabalhou em institui\u00e7\u00f5es como Bienal Internacional de S\u00e3o Paulo, Museo Reina Sofia, Ita\u00fa Cultural e Videobrasil. Coordena o Grupo de Pesquisa eXtremidades e a Cole\u00e7\u00e3o eXtremidades (<a href=\"http:\/\/www.extremidades.art\" data-type=\"URL\" data-id=\"www.extremidades.art\">www.extremidades.art<\/a>).<\/p>\n\n\n\n<div style=\"height:100px\" aria-hidden=\"true\" class=\"wp-block-spacer\"><\/div>\n\n\n\n<p><strong>Debatedora: Fernanda Oliveira (UNICAMP)<\/strong><\/p>\n\n\n\n<p><strong>Fernanda<\/strong> <strong>Oliveira <\/strong>Artista visual e curadora com foco no campo da arte, ci\u00eancia e tecnologia. Doutoranda no Programa de P\u00f3s-Gradua\u00e7\u00e3o em Artes Visuais do Instituto de Artes da Unicamp, bolsista Capes (2024), sob orienta\u00e7\u00e3o do Prof. Dr. Cesar Baio. \u00c9 mestra em Artes Visuais pela Universidade Estadual de Campinas (2023), especialista em Fotografia pela Faculdade Armando Alvares Penteado (2018), bacharel em Artes Visuais: Pintura, Gravura e Escultura pela Universidade Belas Artes de S\u00e3o Paulo (2015) e fot\u00f3grafa profissional pela Escola Panamericana de Artes (2010). Em sua pr\u00e1tica foi membro do coletivo curatorial MEIOAMEIO com Paula Squaiella; curadora da Resid\u00eancia Arte Vai Passar; integra o coletivo multimidi\u00e1tico K\u014cDOS com Cl\u00e1udio Filho e \u00e9 editora chefe da Cole\u00e7\u00e3o eXtremidades (PUC-SP). Site pessoal: <a href=\"http:\/\/www.fernandaoliveira.art\" data-type=\"URL\" data-id=\"www.fernandaoliveira.art\">www.fernandaoliveira.art <\/a><\/p>\n\n\n\n<div style=\"height:100px\" aria-hidden=\"true\" class=\"wp-block-spacer\"><\/div>\n\n\n\n<p><strong>Ativadores: Antonio Borduque (USP) e Julia Milar\u00e9 (PUC-SP)<\/strong><\/p>\n\n\n\n<p><strong>Antonio Borduque<\/strong> atua como diretor cinematogr\u00e1fico, sound designer e pesquisador, investiga as interse\u00e7\u00f5es entre tecnologias e narrativas no cinema e nos videogames. \u00c9 mestre em Meios e Processos Audiovisuais pela ECA-USP, e licenciado em Dire\u00e7\u00e3o Cinematografia pela Universidad del Cine de Buenos Aires. \u00c9 pesquisador nos grupos de pesquisa LabArteMidia, da ECA-USP, e eXtremidades, da PUC-SP. Foi professor de disciplinas de audiovisual experimental na Universidad del Cine, a atualmente colabora com disciplinas de som para cinema na ESPM, em S\u00e3o Paulo. Atualmente \u00e9 diretor de produ\u00e7\u00f5es virtuais e produtor musical e compositor para trilhas sonoras de videogames.<\/p>\n\n\n\n<p><strong>J\u00falia Milar\u00e9 Gropo<\/strong> \u00e9 artista visual e professora. Graduada e p\u00f3s-graduada pela Funda\u00e7\u00e3o Armando Alvares Penteado (FAAP). Al\u00e9m de lecionar h\u00e1 10 anos no ensino b\u00e1sico, trabalhou na equipe do educativo da Funda\u00e7\u00e3o Bienal de S\u00e3o Paulo. Principais exposi\u00e7\u00f5es incluem coletivas no Museu de Arte Brasileira, Galeria Olh\u00e3o, Instituto Tomie Ohtake, SUBgaleria, Solar dos Abacaxis, Esta\u00e7\u00e3o Satyros, e uma individual na Oficina Oswald de Andrade, S\u00e3o Paulo-SP. Em Buenos Aires, participou da resid\u00eancia art\u00edstica Proyecto&#8217;ace (2019), posteriormente foi convidada para o simp\u00f3sio e exposi\u00e7\u00e3o \u201cAtlas de Mnemosine Aby Warburg\u201d na Biblioteca Nacional e Museu de Belas Artes BSAS. Em 2023, residiu na China e realizou uma resid\u00eancia e exposi\u00e7\u00e3o coletiva no espa\u00e7o TNT Art Space, Shenzhen. \u00c9 integrante do Grupo de Pesquisa \u201cExtremidades:redes audiovisuais, cinema, performance e arte contempor\u00e2nea&#8221;, coordenado por Christine Mello.<\/p>\n\n\n\n<div style=\"height:100px\" aria-hidden=\"true\" class=\"wp-block-spacer\"><\/div>\n\n\n\n<div style=\"height:100px\" aria-hidden=\"true\" class=\"wp-block-spacer\"><\/div>\n\n\n\n<div style=\"height:100px\" aria-hidden=\"true\" class=\"wp-block-spacer\"><\/div>\n","protected":false},"excerpt":{"rendered":"<p>Abertura e media\u00e7\u00e3o: Christine Mello (PUC-SP\/ UERJ) Christine Mello \u00e9 te\u00f3rica, cr\u00edtica, curadora e pesquisadora de p\u00f3s-doutorado (Bolsa FAPERJ\/2022-2024) no PPGARTES da UERJ. Professora da PUC-SP, atua no PPGCOS e no Mestrado Arte e Pr\u00e1ticas Culturais, sendo doutora e mestre em Comunica\u00e7\u00e3o e Semi\u00f3tica (PUC-SP), com p\u00f3s-doutorado em Artes tamb\u00e9m pela ECA\/USP (2008-2009). Autora de [&hellip;]<\/p>\n","protected":false},"author":1,"featured_media":0,"comment_status":"closed","ping_status":"closed","sticky":false,"template":"","format":"standard","meta":{"footnotes":""},"categories":[5],"tags":[],"class_list":["post-182","post","type-post","status-publish","hentry","category-debate-3-11-10-2024"],"_links":{"self":[{"href":"https:\/\/extremidades.art\/x\/ciclodebates2024\/wp-json\/wp\/v2\/posts\/182","targetHints":{"allow":["GET"]}}],"collection":[{"href":"https:\/\/extremidades.art\/x\/ciclodebates2024\/wp-json\/wp\/v2\/posts"}],"about":[{"href":"https:\/\/extremidades.art\/x\/ciclodebates2024\/wp-json\/wp\/v2\/types\/post"}],"author":[{"embeddable":true,"href":"https:\/\/extremidades.art\/x\/ciclodebates2024\/wp-json\/wp\/v2\/users\/1"}],"replies":[{"embeddable":true,"href":"https:\/\/extremidades.art\/x\/ciclodebates2024\/wp-json\/wp\/v2\/comments?post=182"}],"version-history":[{"count":7,"href":"https:\/\/extremidades.art\/x\/ciclodebates2024\/wp-json\/wp\/v2\/posts\/182\/revisions"}],"predecessor-version":[{"id":403,"href":"https:\/\/extremidades.art\/x\/ciclodebates2024\/wp-json\/wp\/v2\/posts\/182\/revisions\/403"}],"wp:attachment":[{"href":"https:\/\/extremidades.art\/x\/ciclodebates2024\/wp-json\/wp\/v2\/media?parent=182"}],"wp:term":[{"taxonomy":"category","embeddable":true,"href":"https:\/\/extremidades.art\/x\/ciclodebates2024\/wp-json\/wp\/v2\/categories?post=182"},{"taxonomy":"post_tag","embeddable":true,"href":"https:\/\/extremidades.art\/x\/ciclodebates2024\/wp-json\/wp\/v2\/tags?post=182"}],"curies":[{"name":"wp","href":"https:\/\/api.w.org\/{rel}","templated":true}]}}