{"id":175,"date":"2024-07-26T13:10:34","date_gmt":"2024-07-26T16:10:34","guid":{"rendered":"https:\/\/extremidades.art\/x\/ciclodebates2024\/?p=175"},"modified":"2024-08-02T18:06:46","modified_gmt":"2024-08-02T21:06:46","slug":"arte-que-imagina-o-pensamento-nao-antropocentrico-com-cesar-baio-unicamp","status":"publish","type":"post","link":"https:\/\/extremidades.art\/x\/ciclodebates2024\/2024\/07\/26\/arte-que-imagina-o-pensamento-nao-antropocentrico-com-cesar-baio-unicamp\/","title":{"rendered":"ARTE QUE IMAGINA O PENSAMENTO N\u00c3O ANTROPOC\u00caNTRICO, COM CESAR BAIO (UNICAMP)"},"content":{"rendered":"\n<div class=\"wp-block-columns is-layout-flex wp-container-core-columns-is-layout-9d6595d7 wp-block-columns-is-layout-flex\">\n<div class=\"wp-block-column is-layout-flow wp-block-column-is-layout-flow\" style=\"flex-basis:66.66%\">\n<p><strong>Cesar Baio<\/strong> \u00e9 doutor e mestre em Comunica\u00e7\u00e3o e Semi\u00f3tica pela PUC\/SP, com pesquisas nas \u00e1reas de cinema, v\u00eddeo, m\u00eddias digitais e artes visuais contempladas com bolsas CAPES e CNPq. Em 2010 realizou est\u00e1gio sandu\u00edche no Vil\u00e9m Flusser Archive &#8211; Berlin University of the Arts (UDK). eu trabalho experimental tem sido apresentado tamb\u00e9m por meio de instala\u00e7\u00f5es, interven\u00e7\u00f5es urbanas, fotografias e v\u00eddeos exibidos em centros culturais, galerias e festivais, tendo recebido pr\u00eamios nacionais e internacionais, tais como The Lumen Prize British Computer Society Artificial Intelligence (indicado ao pr\u00eamio) (2020); GEM Coalesce Artist in Residence &#8211; State University of New York at Buffalo (2020); NEA Art Works Project | The China Shop | Hess Lab &#8211; Artist in Residency &#8211; University of California Davis (2020); NTU Global Digital Art Prize 2019 (finalista) &#8211; Nanyang Technological University (2019); CoMci\u00eancia: Ocupa\u00e7\u00e3o em Arte, Ci\u00eancia e Tecnologia (2019); The Lumen Prize British Computer Society Artificial Intelligence (2018)<\/p>\n<\/div>\n\n\n\n<div class=\"wp-block-column is-layout-flow wp-block-column-is-layout-flow\" style=\"flex-basis:33.33%\">\n<div class=\"wp-block-image is-style-rounded wp-duotone-000000-ffffff-1\"><figure class=\"aligncenter size-full is-resized\"><img loading=\"lazy\" decoding=\"async\" src=\"https:\/\/extremidades.art\/x\/ciclodebates2024\/wp-content\/uploads\/sites\/23\/2024\/07\/foto-cesar-baio-1-edited.jpg\" alt=\"\" class=\"wp-image-178\" width=\"216\" height=\"216\" srcset=\"https:\/\/extremidades.art\/x\/ciclodebates2024\/wp-content\/uploads\/sites\/23\/2024\/07\/foto-cesar-baio-1-edited.jpg 599w, https:\/\/extremidades.art\/x\/ciclodebates2024\/wp-content\/uploads\/sites\/23\/2024\/07\/foto-cesar-baio-1-edited-300x300.jpg 300w, https:\/\/extremidades.art\/x\/ciclodebates2024\/wp-content\/uploads\/sites\/23\/2024\/07\/foto-cesar-baio-1-edited-150x150.jpg 150w, https:\/\/extremidades.art\/x\/ciclodebates2024\/wp-content\/uploads\/sites\/23\/2024\/07\/foto-cesar-baio-1-edited-500x500.jpg 500w\" sizes=\"auto, (max-width: 216px) 100vw, 216px\" \/><figcaption>Cesar Baio (UNICAMP)<\/figcaption><\/figure><\/div>\n<\/div>\n<\/div>\n","protected":false},"excerpt":{"rendered":"<p>Cesar Baio \u00e9 doutor e mestre em Comunica\u00e7\u00e3o e Semi\u00f3tica pela PUC\/SP, com pesquisas nas \u00e1reas de cinema, v\u00eddeo, m\u00eddias digitais e artes visuais contempladas com bolsas CAPES e CNPq. Em 2010 realizou est\u00e1gio sandu\u00edche no Vil\u00e9m Flusser Archive &#8211; Berlin University of the Arts (UDK). eu trabalho experimental tem sido apresentado tamb\u00e9m por meio [&hellip;]<\/p>\n","protected":false},"author":1,"featured_media":0,"comment_status":"closed","ping_status":"closed","sticky":false,"template":"","format":"standard","meta":{"footnotes":""},"categories":[5],"tags":[],"class_list":["post-175","post","type-post","status-publish","hentry","category-debate-3-11-10-2024"],"_links":{"self":[{"href":"https:\/\/extremidades.art\/x\/ciclodebates2024\/wp-json\/wp\/v2\/posts\/175","targetHints":{"allow":["GET"]}}],"collection":[{"href":"https:\/\/extremidades.art\/x\/ciclodebates2024\/wp-json\/wp\/v2\/posts"}],"about":[{"href":"https:\/\/extremidades.art\/x\/ciclodebates2024\/wp-json\/wp\/v2\/types\/post"}],"author":[{"embeddable":true,"href":"https:\/\/extremidades.art\/x\/ciclodebates2024\/wp-json\/wp\/v2\/users\/1"}],"replies":[{"embeddable":true,"href":"https:\/\/extremidades.art\/x\/ciclodebates2024\/wp-json\/wp\/v2\/comments?post=175"}],"version-history":[{"count":4,"href":"https:\/\/extremidades.art\/x\/ciclodebates2024\/wp-json\/wp\/v2\/posts\/175\/revisions"}],"predecessor-version":[{"id":249,"href":"https:\/\/extremidades.art\/x\/ciclodebates2024\/wp-json\/wp\/v2\/posts\/175\/revisions\/249"}],"wp:attachment":[{"href":"https:\/\/extremidades.art\/x\/ciclodebates2024\/wp-json\/wp\/v2\/media?parent=175"}],"wp:term":[{"taxonomy":"category","embeddable":true,"href":"https:\/\/extremidades.art\/x\/ciclodebates2024\/wp-json\/wp\/v2\/categories?post=175"},{"taxonomy":"post_tag","embeddable":true,"href":"https:\/\/extremidades.art\/x\/ciclodebates2024\/wp-json\/wp\/v2\/tags?post=175"}],"curies":[{"name":"wp","href":"https:\/\/api.w.org\/{rel}","templated":true}]}}