{"id":156,"date":"2024-07-25T15:05:37","date_gmt":"2024-07-25T18:05:37","guid":{"rendered":"https:\/\/extremidades.art\/x\/ciclodebates2024\/?p=156"},"modified":"2024-08-02T17:58:37","modified_gmt":"2024-08-02T20:58:37","slug":"material-para-consulta-2","status":"publish","type":"post","link":"https:\/\/extremidades.art\/x\/ciclodebates2024\/2024\/07\/25\/material-para-consulta-2\/","title":{"rendered":"MATERIAL PARA CONSULTA"},"content":{"rendered":"\n<p>Livro \u201cArtes e Pr\u00e1ticas Culturais\u201d, organiza\u00e7\u00e3o de Fabio Cypriano e Priscila Arantes, Editora Educ.<\/p>\n\n\n\n<p class=\"has-medium-font-size\"><strong>Cap\u00edtulo 07 \u201cPol\u00edticas da mem\u00f3ria e do apagamento: arte, m\u00eddia e ativismo no s\u00e9culo XXI\u201d, de Priscila Arantes (p\u00e1g. 129)<\/strong><br><\/p>\n\n\n\n<div data-wp-interactive=\"core\/file\" class=\"wp-block-file\"><object data-wp-bind--hidden=\"!state.hasPdfPreview\" hidden class=\"wp-block-file__embed\" data=\"https:\/\/extremidades.art\/x\/ciclodebates2024\/wp-content\/uploads\/sites\/23\/2024\/07\/Livro-Artes-e-Praticas-culturais.pdf\" type=\"application\/pdf\" style=\"width:100%;height:600px\" aria-label=\"Incorporado de Incorporado de Livro-Artes-e-Praticas-culturais..\"><\/object><a href=\"https:\/\/extremidades.art\/x\/ciclodebates2024\/wp-content\/uploads\/sites\/23\/2024\/07\/Livro-Artes-e-Praticas-culturais.pdf\">Livro-Artes-e-Praticas-culturais<\/a><a href=\"https:\/\/extremidades.art\/x\/ciclodebates2024\/wp-content\/uploads\/sites\/23\/2024\/07\/Livro-Artes-e-Praticas-culturais.pdf\" class=\"wp-block-file__button\" download>Baixar<\/a><\/div>\n\n\n\n<div style=\"height:100px\" aria-hidden=\"true\" class=\"wp-block-spacer\"><\/div>\n\n\n\n<div style=\"height:100px\" aria-hidden=\"true\" class=\"wp-block-spacer\"><\/div>\n\n\n\n<div style=\"height:100px\" aria-hidden=\"true\" class=\"wp-block-spacer\"><\/div>\n","protected":false},"excerpt":{"rendered":"<p>Livro \u201cArtes e Pr\u00e1ticas Culturais\u201d, organiza\u00e7\u00e3o de Fabio Cypriano e Priscila Arantes, Editora Educ. Cap\u00edtulo 07 \u201cPol\u00edticas da mem\u00f3ria e do apagamento: arte, m\u00eddia e ativismo no s\u00e9culo XXI\u201d, de Priscila Arantes (p\u00e1g. 129)<\/p>\n","protected":false},"author":1,"featured_media":0,"comment_status":"closed","ping_status":"closed","sticky":false,"template":"","format":"standard","meta":{"footnotes":""},"categories":[4],"tags":[],"class_list":["post-156","post","type-post","status-publish","hentry","category-debate-2-13-09-2024"],"_links":{"self":[{"href":"https:\/\/extremidades.art\/x\/ciclodebates2024\/wp-json\/wp\/v2\/posts\/156","targetHints":{"allow":["GET"]}}],"collection":[{"href":"https:\/\/extremidades.art\/x\/ciclodebates2024\/wp-json\/wp\/v2\/posts"}],"about":[{"href":"https:\/\/extremidades.art\/x\/ciclodebates2024\/wp-json\/wp\/v2\/types\/post"}],"author":[{"embeddable":true,"href":"https:\/\/extremidades.art\/x\/ciclodebates2024\/wp-json\/wp\/v2\/users\/1"}],"replies":[{"embeddable":true,"href":"https:\/\/extremidades.art\/x\/ciclodebates2024\/wp-json\/wp\/v2\/comments?post=156"}],"version-history":[{"count":4,"href":"https:\/\/extremidades.art\/x\/ciclodebates2024\/wp-json\/wp\/v2\/posts\/156\/revisions"}],"predecessor-version":[{"id":243,"href":"https:\/\/extremidades.art\/x\/ciclodebates2024\/wp-json\/wp\/v2\/posts\/156\/revisions\/243"}],"wp:attachment":[{"href":"https:\/\/extremidades.art\/x\/ciclodebates2024\/wp-json\/wp\/v2\/media?parent=156"}],"wp:term":[{"taxonomy":"category","embeddable":true,"href":"https:\/\/extremidades.art\/x\/ciclodebates2024\/wp-json\/wp\/v2\/categories?post=156"},{"taxonomy":"post_tag","embeddable":true,"href":"https:\/\/extremidades.art\/x\/ciclodebates2024\/wp-json\/wp\/v2\/tags?post=156"}],"curies":[{"name":"wp","href":"https:\/\/api.w.org\/{rel}","templated":true}]}}