{"id":153,"date":"2024-07-25T15:07:45","date_gmt":"2024-07-25T18:07:45","guid":{"rendered":"https:\/\/extremidades.art\/x\/ciclodebates2024\/?p=153"},"modified":"2024-09-06T12:42:29","modified_gmt":"2024-09-06T15:42:29","slug":"convidados-2","status":"publish","type":"post","link":"https:\/\/extremidades.art\/x\/ciclodebates2024\/2024\/07\/25\/convidados-2\/","title":{"rendered":"CONVIDADOS"},"content":{"rendered":"\n<p><strong>Abertura e media\u00e7\u00e3o: Christine Mello (PUC-SP\/ UERJ)<\/strong><\/p>\n\n\n\n<p><strong>Christine Mello <\/strong>\u00e9 te\u00f3rica, cr\u00edtica, curadora e pesquisadora de p\u00f3s-doutorado (Bolsa FAPERJ\/2022-2024) no PPGARTES da UERJ. Professora da PUC-SP, atua no PPGCOS e no Mestrado Arte e Pr\u00e1ticas Culturais, sendo <meta charset=\"utf-8\">doutora e mestre em Comunica\u00e7\u00e3o e Semi\u00f3tica (PUC-SP), com p\u00f3s-doutorado em Artes tamb\u00e9m pela ECA\/USP (2008-2009). Autora de Extremidades do v\u00eddeo (Senac, 2008) entre outras publica\u00e7\u00f5es, trabalhou em institui\u00e7\u00f5es como Bienal Internacional de S\u00e3o Paulo, Museo Reina Sofia, Ita\u00fa Cultural e Videobrasil. Coordena o Grupo de Pesquisa eXtremidades e a Cole\u00e7\u00e3o eXtremidades (<a href=\"http:\/\/www.extremidades.art\">www.extremidades.art<\/a>).&nbsp;<\/p>\n\n\n\n<div style=\"height:100px\" aria-hidden=\"true\" class=\"wp-block-spacer\"><\/div>\n\n\n\n<p><strong>Debatedora:<\/strong> <strong>Nathalia Silveira Rech <\/strong><\/p>\n\n\n\n<p><strong>Nathalia Rech <\/strong>\u00e9 doutoranda em Ci\u00eancias da Comunica\u00e7\u00e3o no ICNOVA (Instituto de Comunica\u00e7\u00e3o da NOVA | Universidade Nova de Lisboa), sob orienta\u00e7\u00e3o da Prof\u00aa Dr\u00aa Maria Teresa Cruz, na \u00e1rea de Cultura Contempor\u00e2nea e Novas Tecnologias, e est\u00e1 associada ao grupo Cultura, Media e Arte. \u00c9 graduada em Comunica\u00e7\u00e3o Social pela PUCRS (2014) e mestre em Comunica\u00e7\u00e3o e Semi\u00f3tica pela PUC-SP (2018), onde integrou o Grupo de Pesquisa Extremidades: redes audiovisuais, cinema, performance e arte contempor\u00e2nea.<\/p>\n\n\n\n<div style=\"height:100px\" aria-hidden=\"true\" class=\"wp-block-spacer\"><\/div>\n\n\n\n<p><strong>Ativadores: <\/strong>Lindolfo Roberto Nascimento (PUC-SP) e Malka Borenstein (PUC-SP)<\/p>\n\n\n\n<p><strong>Lindolfo Roberto Nascimento  <\/strong>\u00e9 mestre em Comunica\u00e7\u00e3o e Semi\u00f3tica pela PUC-SP com pesquisa sobre literatura negra e oralidade, no momento atua como curador no Museu da Cidade de S\u00e3o Paulo. Tamb\u00e9m \u00e9 performer, diretor teatral, e escritor, sendo autor dos livros Miragens Concretas (All Print, 2023), Medusa em Braile (Desconcertos, 2021), Mandala Na\u00eff (Desconcertos, 2020), T\u00edmpanos Estourados (Benfazeja, 2017), Os Banheiros Mais Sujos do Mundo (Linear B, 2015) e \u00c1lcool e F\u00f3sforos no Fim do T\u00fanel (Livre Express\u00e3o, 2012). Em seu fazer teatral cofundou a Companhia Solit\u00e1ria de Artes do Corpo, pela qual escreveu e dirigiu Sil\u00eancio Prenhe de Palavras, espet\u00e1culo contemplado pelo Proac Lab em 2020. Ainda pela Companhia Solit\u00e1ria foi contemplado com o edital VAI da prefeitura da cidade de S\u00e3o Paulo de 2021 com a obra A Coisa X, projeto de audiopoesia e literatura. \u00c9 graduado em Comunica\u00e7\u00e3o Social (com habilita\u00e7\u00e3o em Publicidade e Propaganda) e em Comunica\u00e7\u00e3o das Artes do Corpo tamb\u00e9m pela PUC-SP. Nascimento ainda \u00e9 MC de funk brasileiro sob o vulgo Macna (<a rel=\"noreferrer noopener\" href=\"http:\/\/www.extremidades.art\/x\/lindolforobertonascimento\" data-type=\"URL\" data-id=\"www.extremidades.art\/x\/lindolforobertonascimento\" target=\"_blank\">www.extremidades.art\/x\/lindolforobertonascimento<\/a>). \u00c9 integrante dos Grupos de Pesquisa Extremidades: redes audiovisuais, cinema, performance e arte contempor\u00e2nea, liderado por Christine Mello, e Literatura e Ancestralidade Negra, liderado por Elizabeth Cardoso.<\/p>\n\n\n\n<p><strong>Malka Borenstein<\/strong> \u00e9 artista-propositora que dedica-se a constru\u00e7\u00e3o de narrativas perform\u00e1ticas ao articular as complexas dimens\u00f5es est\u00e9tico-\u00e9tico-pol\u00edticas dos processos art\u00edsticos. Atualmente \u00e9 doutoranda em Comunica\u00e7\u00e3o e Semi\u00f3tica na PUC-SP, sob orienta\u00e7\u00e3o de Christine Mello, onde desenvolve um projeto de um espa\u00e7o cultural &#8211; o Instituto Valentina. Direcionado nos processos de cria\u00e7\u00e3o de redes para mulheres artistas dissidentes, em uma outra abordagem, um regime de diversidade, que investiga o apagamento hist\u00f3rico-social das mulheres. Sua pesquisa \u00e9 interdisciplinar entre Comunica\u00e7\u00e3o e Arte, a partir de articula\u00e7\u00f5es pr\u00e1ticas e te\u00f3ricas estruturadas por regimes de sentido, presen\u00e7a e coletividade, referente \u00e0s quest\u00f5es de g\u00eanero (feminismo) e racializa\u00e7\u00e3o (branquitude). Entre as principais articula\u00e7\u00f5es destaca-se: Resid\u00eancia-Arte (2021-2023); Resid\u00eancia-Artes Vai Passar na Oficina Cultural Oswald de Andrade (2022), Exposi\u00e7\u00e3o Abrigar na plataforma Real State of the Art; Exposi\u00e7\u00e3o (2023); Festa no Ateli\u00ea do artista Sant\u00eddio Pereira (2023); Exposi\u00e7\u00e3o PIRACEMA: deslocamentos em busca de outros mundos poss\u00edveis a partir da arte (2024).<\/p>\n\n\n\n<div style=\"height:100px\" aria-hidden=\"true\" class=\"wp-block-spacer\"><\/div>\n\n\n\n<div style=\"height:100px\" aria-hidden=\"true\" class=\"wp-block-spacer\"><\/div>\n\n\n\n<div style=\"height:100px\" aria-hidden=\"true\" class=\"wp-block-spacer\"><\/div>\n","protected":false},"excerpt":{"rendered":"<p>Abertura e media\u00e7\u00e3o: Christine Mello (PUC-SP\/ UERJ) Christine Mello \u00e9 te\u00f3rica, cr\u00edtica, curadora e pesquisadora de p\u00f3s-doutorado (Bolsa FAPERJ\/2022-2024) no PPGARTES da UERJ. Professora da PUC-SP, atua no PPGCOS e no Mestrado Arte e Pr\u00e1ticas Culturais, sendo doutora e mestre em Comunica\u00e7\u00e3o e Semi\u00f3tica (PUC-SP), com p\u00f3s-doutorado em Artes tamb\u00e9m pela ECA\/USP (2008-2009). Autora de [&hellip;]<\/p>\n","protected":false},"author":1,"featured_media":0,"comment_status":"closed","ping_status":"closed","sticky":false,"template":"","format":"standard","meta":{"footnotes":""},"categories":[4],"tags":[],"class_list":["post-153","post","type-post","status-publish","hentry","category-debate-2-13-09-2024"],"_links":{"self":[{"href":"https:\/\/extremidades.art\/x\/ciclodebates2024\/wp-json\/wp\/v2\/posts\/153","targetHints":{"allow":["GET"]}}],"collection":[{"href":"https:\/\/extremidades.art\/x\/ciclodebates2024\/wp-json\/wp\/v2\/posts"}],"about":[{"href":"https:\/\/extremidades.art\/x\/ciclodebates2024\/wp-json\/wp\/v2\/types\/post"}],"author":[{"embeddable":true,"href":"https:\/\/extremidades.art\/x\/ciclodebates2024\/wp-json\/wp\/v2\/users\/1"}],"replies":[{"embeddable":true,"href":"https:\/\/extremidades.art\/x\/ciclodebates2024\/wp-json\/wp\/v2\/comments?post=153"}],"version-history":[{"count":11,"href":"https:\/\/extremidades.art\/x\/ciclodebates2024\/wp-json\/wp\/v2\/posts\/153\/revisions"}],"predecessor-version":[{"id":355,"href":"https:\/\/extremidades.art\/x\/ciclodebates2024\/wp-json\/wp\/v2\/posts\/153\/revisions\/355"}],"wp:attachment":[{"href":"https:\/\/extremidades.art\/x\/ciclodebates2024\/wp-json\/wp\/v2\/media?parent=153"}],"wp:term":[{"taxonomy":"category","embeddable":true,"href":"https:\/\/extremidades.art\/x\/ciclodebates2024\/wp-json\/wp\/v2\/categories?post=153"},{"taxonomy":"post_tag","embeddable":true,"href":"https:\/\/extremidades.art\/x\/ciclodebates2024\/wp-json\/wp\/v2\/tags?post=153"}],"curies":[{"name":"wp","href":"https:\/\/api.w.org\/{rel}","templated":true}]}}