{"id":146,"date":"2024-07-25T15:10:10","date_gmt":"2024-07-25T18:10:10","guid":{"rendered":"https:\/\/extremidades.art\/x\/ciclodebates2024\/?p=146"},"modified":"2024-07-25T15:22:58","modified_gmt":"2024-07-25T18:22:58","slug":"politicas-da-memoria-e-do-apagamento-arte-midia-e-ativismo-no-seculo-xxi-com-priscila-arantes-puc-sp","status":"publish","type":"post","link":"https:\/\/extremidades.art\/x\/ciclodebates2024\/2024\/07\/25\/politicas-da-memoria-e-do-apagamento-arte-midia-e-ativismo-no-seculo-xxi-com-priscila-arantes-puc-sp\/","title":{"rendered":"POL\u00cdTICAS DA MEM\u00d3RIA E DO APAGAMENTO: ARTE, M\u00cdDIA E ATIVISMO NO S\u00c9CULO XXI, COM PRISCILA ARANTES (PUC-SP)"},"content":{"rendered":"\n<div class=\"wp-block-columns is-layout-flex wp-container-core-columns-is-layout-9d6595d7 wp-block-columns-is-layout-flex\">\n<div class=\"wp-block-column is-layout-flow wp-block-column-is-layout-flow\" style=\"flex-basis:66.66%\">\n<p><strong>Priscila Arantes <\/strong>\u00e9 cr\u00edtica, curadora, professora universit\u00e1ria e pesquisadora no campo da arte, curadoria, museu e est\u00e9tica contempor\u00e2nea. \u00c9 formada em filosofia pela Universidade de S\u00e3o Paulo (USP), com mestrado e doutorado em Comunica\u00e7\u00e3o e Semi\u00f3tica pela Pontif\u00edcia Universidade Cat\u00f3lica de S\u00e3o Paulo (PUC-SP) e p\u00f3s-doutorado pela <em>Penn State University<\/em> (EUA) e Universidade Estadual de Campinas (Unicamp). Professora do departamento de Artes da PUC-SP \u00e9 atualmente diretora adjunta da Faculdade de Filosofia, Letras, Comunica\u00e7\u00e3o e Artes da PUC-SP e pesquisadora colaboradora do Museu de Arte Contempor\u00e2nea (MAC) da USP. Foi diretora e curadora do Pa\u00e7o das Artes entre 2007 e 2020 e diretora adjunta do Museu da Imagem e Som (MIS) entre 2007 e 2011. \u00c9 vice-presidente da Associa\u00e7\u00e3o Brasileira dos Cr\u00edticos de Arte (ABCA) desde 2022 e membro da Associa\u00e7\u00e3o Nacional de Artes Pl\u00e1sticas (ANPAP). \u00c9 autora de diversos livros e curadora de mostras em diferentes institui\u00e7\u00f5es culturais.<\/p>\n<\/div>\n\n\n\n<div class=\"wp-block-column is-layout-flow wp-block-column-is-layout-flow\" style=\"flex-basis:40%\">\n<div class=\"wp-block-image is-style-rounded wp-duotone-000000-ffffff-1\"><figure class=\"alignleft size-large is-resized\"><img loading=\"lazy\" decoding=\"async\" src=\"https:\/\/extremidades.art\/x\/ciclodebates2024\/wp-content\/uploads\/sites\/23\/2024\/07\/foto-priscila-arantes-edited.jpg\" alt=\"\" class=\"wp-image-148\" width=\"239\" height=\"238\" srcset=\"https:\/\/extremidades.art\/x\/ciclodebates2024\/wp-content\/uploads\/sites\/23\/2024\/07\/foto-priscila-arantes-edited.jpg 721w, https:\/\/extremidades.art\/x\/ciclodebates2024\/wp-content\/uploads\/sites\/23\/2024\/07\/foto-priscila-arantes-edited-300x300.jpg 300w, https:\/\/extremidades.art\/x\/ciclodebates2024\/wp-content\/uploads\/sites\/23\/2024\/07\/foto-priscila-arantes-edited-150x150.jpg 150w, https:\/\/extremidades.art\/x\/ciclodebates2024\/wp-content\/uploads\/sites\/23\/2024\/07\/foto-priscila-arantes-edited-500x500.jpg 500w\" sizes=\"auto, (max-width: 239px) 100vw, 239px\" \/><figcaption>PRISCILA ARANTES (PUC-SP)<\/figcaption><\/figure><\/div>\n<\/div>\n<\/div>\n","protected":false},"excerpt":{"rendered":"<p>Priscila Arantes \u00e9 cr\u00edtica, curadora, professora universit\u00e1ria e pesquisadora no campo da arte, curadoria, museu e est\u00e9tica contempor\u00e2nea. \u00c9 formada em filosofia pela Universidade de S\u00e3o Paulo (USP), com mestrado e doutorado em Comunica\u00e7\u00e3o e Semi\u00f3tica pela Pontif\u00edcia Universidade Cat\u00f3lica de S\u00e3o Paulo (PUC-SP) e p\u00f3s-doutorado pela Penn State University (EUA) e Universidade Estadual de [&hellip;]<\/p>\n","protected":false},"author":1,"featured_media":0,"comment_status":"closed","ping_status":"closed","sticky":false,"template":"","format":"standard","meta":{"footnotes":""},"categories":[4],"tags":[],"class_list":["post-146","post","type-post","status-publish","hentry","category-debate-2-13-09-2024"],"_links":{"self":[{"href":"https:\/\/extremidades.art\/x\/ciclodebates2024\/wp-json\/wp\/v2\/posts\/146","targetHints":{"allow":["GET"]}}],"collection":[{"href":"https:\/\/extremidades.art\/x\/ciclodebates2024\/wp-json\/wp\/v2\/posts"}],"about":[{"href":"https:\/\/extremidades.art\/x\/ciclodebates2024\/wp-json\/wp\/v2\/types\/post"}],"author":[{"embeddable":true,"href":"https:\/\/extremidades.art\/x\/ciclodebates2024\/wp-json\/wp\/v2\/users\/1"}],"replies":[{"embeddable":true,"href":"https:\/\/extremidades.art\/x\/ciclodebates2024\/wp-json\/wp\/v2\/comments?post=146"}],"version-history":[{"count":4,"href":"https:\/\/extremidades.art\/x\/ciclodebates2024\/wp-json\/wp\/v2\/posts\/146\/revisions"}],"predecessor-version":[{"id":155,"href":"https:\/\/extremidades.art\/x\/ciclodebates2024\/wp-json\/wp\/v2\/posts\/146\/revisions\/155"}],"wp:attachment":[{"href":"https:\/\/extremidades.art\/x\/ciclodebates2024\/wp-json\/wp\/v2\/media?parent=146"}],"wp:term":[{"taxonomy":"category","embeddable":true,"href":"https:\/\/extremidades.art\/x\/ciclodebates2024\/wp-json\/wp\/v2\/categories?post=146"},{"taxonomy":"post_tag","embeddable":true,"href":"https:\/\/extremidades.art\/x\/ciclodebates2024\/wp-json\/wp\/v2\/tags?post=146"}],"curies":[{"name":"wp","href":"https:\/\/api.w.org\/{rel}","templated":true}]}}