{"id":142,"date":"2024-07-25T14:30:43","date_gmt":"2024-07-25T17:30:43","guid":{"rendered":"https:\/\/extremidades.art\/x\/ciclodebates2024\/?p=142"},"modified":"2024-09-06T11:53:06","modified_gmt":"2024-09-06T14:53:06","slug":"material-para-consulta","status":"publish","type":"post","link":"https:\/\/extremidades.art\/x\/ciclodebates2024\/2024\/07\/25\/material-para-consulta\/","title":{"rendered":"MATERIAL PARA CONSULTA"},"content":{"rendered":"\n<p>Livro completo <strong>\u201cA condi\u00e7\u00e3o prec\u00e1ria da arte: corpo e imagem no s\u00e9culo XXI\u201d<\/strong>, de Luiz Claudio da Costa, editora Relic\u00e1rio.<\/p>\n\n\n\n<p><br>Link para compra: <a href=\"https:\/\/www.relicarioedicoes.com\/livros\/a-condicao-precaria-da-arte\/\">https:\/\/www.relicarioedicoes.com\/livros\/a-condicao-precaria-da-arte\/<\/a><\/p>\n\n\n\n<div style=\"height:30px\" aria-hidden=\"true\" class=\"wp-block-spacer\"><\/div>\n\n\n\n<p><strong>Abordagens sobre o \u201cato da imagem\u201d, comentadas pelo autor:<\/strong><\/p>\n\n\n\n<p>Parte 1, cap\u00edtulo 2, p. 51.<\/p>\n\n\n\n<p>Parte 2, cap\u00edtulo 1, p. 78, 79.<\/p>\n\n\n\n<p>Parte 2, cap\u00edtulo 3, p. 103, 104<\/p>\n\n\n\n<p>Parte 3, cap\u00edtulo 2, p. 152, 162<\/p>\n\n\n\n<div style=\"height:50px\" aria-hidden=\"true\" class=\"wp-block-spacer\"><\/div>\n\n\n\n<p><strong>Entrevista o artista pl\u00e1stico Tunga<\/strong>:<\/p>\n\n\n\n<figure class=\"wp-block-embed is-type-video is-provider-youtube wp-block-embed-youtube wp-embed-aspect-16-9 wp-has-aspect-ratio\"><div class=\"wp-block-embed__wrapper\">\n<iframe loading=\"lazy\" title=\"VICE entrevista o artista pl\u00e1stico Tunga\" width=\"500\" height=\"281\" src=\"https:\/\/www.youtube.com\/embed\/opTfUTRrsug?start=168&#038;feature=oembed\" frameborder=\"0\" allow=\"accelerometer; autoplay; clipboard-write; encrypted-media; gyroscope; picture-in-picture; web-share\" referrerpolicy=\"strict-origin-when-cross-origin\" allowfullscreen><\/iframe>\n<\/div><\/figure>\n\n\n\n<div style=\"height:100px\" aria-hidden=\"true\" class=\"wp-block-spacer\"><\/div>\n\n\n\n<div style=\"height:100px\" aria-hidden=\"true\" class=\"wp-block-spacer\"><\/div>\n\n\n\n<div style=\"height:100px\" aria-hidden=\"true\" class=\"wp-block-spacer\"><\/div>\n","protected":false},"excerpt":{"rendered":"<p>Livro completo \u201cA condi\u00e7\u00e3o prec\u00e1ria da arte: corpo e imagem no s\u00e9culo XXI\u201d, de Luiz Claudio da Costa, editora Relic\u00e1rio. Link para compra: https:\/\/www.relicarioedicoes.com\/livros\/a-condicao-precaria-da-arte\/ Abordagens sobre o \u201cato da imagem\u201d, comentadas pelo autor: Parte 1, cap\u00edtulo 2, p. 51. Parte 2, cap\u00edtulo 1, p. 78, 79. Parte 2, cap\u00edtulo 3, p. 103, 104 Parte 3, [&hellip;]<\/p>\n","protected":false},"author":1,"featured_media":0,"comment_status":"closed","ping_status":"closed","sticky":false,"template":"","format":"standard","meta":{"footnotes":""},"categories":[3],"tags":[],"class_list":["post-142","post","type-post","status-publish","hentry","category-debate-1-23-08-2024"],"_links":{"self":[{"href":"https:\/\/extremidades.art\/x\/ciclodebates2024\/wp-json\/wp\/v2\/posts\/142","targetHints":{"allow":["GET"]}}],"collection":[{"href":"https:\/\/extremidades.art\/x\/ciclodebates2024\/wp-json\/wp\/v2\/posts"}],"about":[{"href":"https:\/\/extremidades.art\/x\/ciclodebates2024\/wp-json\/wp\/v2\/types\/post"}],"author":[{"embeddable":true,"href":"https:\/\/extremidades.art\/x\/ciclodebates2024\/wp-json\/wp\/v2\/users\/1"}],"replies":[{"embeddable":true,"href":"https:\/\/extremidades.art\/x\/ciclodebates2024\/wp-json\/wp\/v2\/comments?post=142"}],"version-history":[{"count":3,"href":"https:\/\/extremidades.art\/x\/ciclodebates2024\/wp-json\/wp\/v2\/posts\/142\/revisions"}],"predecessor-version":[{"id":343,"href":"https:\/\/extremidades.art\/x\/ciclodebates2024\/wp-json\/wp\/v2\/posts\/142\/revisions\/343"}],"wp:attachment":[{"href":"https:\/\/extremidades.art\/x\/ciclodebates2024\/wp-json\/wp\/v2\/media?parent=142"}],"wp:term":[{"taxonomy":"category","embeddable":true,"href":"https:\/\/extremidades.art\/x\/ciclodebates2024\/wp-json\/wp\/v2\/categories?post=142"},{"taxonomy":"post_tag","embeddable":true,"href":"https:\/\/extremidades.art\/x\/ciclodebates2024\/wp-json\/wp\/v2\/tags?post=142"}],"curies":[{"name":"wp","href":"https:\/\/api.w.org\/{rel}","templated":true}]}}