{"id":140,"date":"2024-07-25T14:40:27","date_gmt":"2024-07-25T17:40:27","guid":{"rendered":"https:\/\/extremidades.art\/x\/ciclodebates2024\/?p=140"},"modified":"2024-09-04T12:00:16","modified_gmt":"2024-09-04T15:00:16","slug":"convidados","status":"publish","type":"post","link":"https:\/\/extremidades.art\/x\/ciclodebates2024\/2024\/07\/25\/convidados\/","title":{"rendered":"CONVIDADOS"},"content":{"rendered":"\n<p><strong>Abertura e media\u00e7\u00e3o: Christine Mello (PUC-SP\/ UERJ)<\/strong><\/p>\n\n\n\n<p><strong>Christine Mello <\/strong>\u00e9 te\u00f3rica, cr\u00edtica, curadora e pesquisadora de p\u00f3s-doutorado (Bolsa FAPERJ\/2022-2024) no PPGARTES da UERJ. Professora da PUC-SP, atua no PPGCOS e no Mestrado Arte e Pr\u00e1ticas Culturais, sendo <meta charset=\"utf-8\">doutora e mestre em Comunica\u00e7\u00e3o e Semi\u00f3tica (PUC-SP), com p\u00f3s-doutorado em Artes tamb\u00e9m pela ECA\/USP (2008-2009). Autora de Extremidades do v\u00eddeo (Senac, 2008) entre outras publica\u00e7\u00f5es, trabalhou em institui\u00e7\u00f5es como Bienal Internacional de S\u00e3o Paulo, Museo Reina Sofia, Ita\u00fa Cultural e Videobrasil. Coordena o Grupo de Pesquisa eXtremidades e a Cole\u00e7\u00e3o eXtremidades (<a href=\"http:\/\/www.extremidades.art\" data-type=\"URL\" data-id=\"www.extremidades.art\">www.extremidades.art<\/a>).<\/p>\n\n\n\n<div style=\"height:100px\" aria-hidden=\"true\" class=\"wp-block-spacer\"><\/div>\n\n\n\n<p><strong>Debatedora: Alessandra Bocchio (UFRGS)<\/strong><\/p>\n\n\n\n<p><meta charset=\"utf-8\"><strong>Alessandra Bocchio <\/strong>\u00e9 artista, pesquisadora e professora do Departamento de Artes Visuais do Instituto de Artes da Universidade Federal do Rio Grande do Sul &#8211; UFRGS. Doutora em Artes Visuais pela Escola de Comunica\u00e7\u00f5es e Artes da ECA\/USP. Mestre em Artes pela Universidade Estadual Paulista \u2013 IA\/UNESP. Bacharel em Artes Pl\u00e1sticas pelo IA\/UNESP, Licenciatura Plena em Arte pelo Centro Universit\u00e1rio Belas Artes. Realizou est\u00e1gio de pesquisa na Universit\u00e9 Sorbonne Nouvelle Paris 3, em Paris. Atualmente \u00e9 l\u00edder do Grupo de Pesquisa Estudos e Pr\u00e1ticas Feministas em Arte. Como artista se dedica a trabalhos colaborativos na realiza\u00e7\u00e3o de performances e instala\u00e7\u00f5es audiovisuais.<\/p>\n\n\n\n<div style=\"height:100px\" aria-hidden=\"true\" class=\"wp-block-spacer\"><\/div>\n\n\n\n<p><strong>Ativadoras: Cristiana Miranda (Facha \/ UERJ \/ PUC-SP) e Paula Garcia (PUC-SP)<\/strong><\/p>\n\n\n\n<p><strong>Cristiana Miranda <\/strong>\u00e9 artista visual, curadora e pesquisadora, realizou diversos filmes experimentais exibidos em festivais e exposi\u00e7\u00f5es como Crossroads Film Festival, San Francisco Museum of Modern Art (USA), Alchemy Film &amp; Art Festival (Hawick, Esc\u00f3cia), F\u00e9stival des Cin\u00e9mas Diff\u00e9rents de Paris (Fran\u00e7a), Espa\u00e7os do Ainda (Pa\u00e7o Imperial, Rio de Janeiro e CCSP, S\u00e3o Paulo), entre outros. Como curadora \u00e9 criadora e diretora do Festival Internacional de Cinema Experimental DOBRA. Doutorado em Artes pelo PPGArtes\/UERJ e professora do curso de Cinema da Faculdade H\u00e9lio Alonso FACHA\/RJ. Realizou uma retrospectiva de seus filmes na Cinemateca do MAM-RJ, \u2018Pequenos Poemas &#8211; Filmes de Cristiana Miranda\u2019.<\/p>\n\n\n\n<p><strong>Paula Garcia <\/strong>vive e trabalha em S\u00e3o Paulo. Artista e pesquisadora cursando doutorado na PUC-SP em S\u00e3o Paulo. \u00c9 mestre em Artes Visuais pela FASM-SP e bacharel em Artes pela FAAP. A sua investiga\u00e7\u00e3o e experi\u00eancias art\u00edsticas centram-se na pr\u00e1tica de a\u00e7\u00f5es ef\u00eameras. Trabalha como artista, curadora independente e colaboradora art\u00edstica no MAI \u2013 Instituto Marina Abramovic desde 2012. \u00c9 membro do Grupo de Pesquisa Extremidades: redes audiovisuais, cinema, performance e artes contempor\u00e2nea, coordenado por Christine Mello.<\/p>\n\n\n\n<div style=\"height:100px\" aria-hidden=\"true\" class=\"wp-block-spacer\"><\/div>\n\n\n\n<div style=\"height:100px\" aria-hidden=\"true\" class=\"wp-block-spacer\"><\/div>\n\n\n\n<div style=\"height:100px\" aria-hidden=\"true\" class=\"wp-block-spacer\"><\/div>\n","protected":false},"excerpt":{"rendered":"<p>Abertura e media\u00e7\u00e3o: Christine Mello (PUC-SP\/ UERJ) Christine Mello \u00e9 te\u00f3rica, cr\u00edtica, curadora e pesquisadora de p\u00f3s-doutorado (Bolsa FAPERJ\/2022-2024) no PPGARTES da UERJ. Professora da PUC-SP, atua no PPGCOS e no Mestrado Arte e Pr\u00e1ticas Culturais, sendo doutora e mestre em Comunica\u00e7\u00e3o e Semi\u00f3tica (PUC-SP), com p\u00f3s-doutorado em Artes tamb\u00e9m pela ECA\/USP (2008-2009). Autora de [&hellip;]<\/p>\n","protected":false},"author":1,"featured_media":0,"comment_status":"closed","ping_status":"closed","sticky":false,"template":"","format":"standard","meta":{"footnotes":""},"categories":[3],"tags":[],"class_list":["post-140","post","type-post","status-publish","hentry","category-debate-1-23-08-2024"],"_links":{"self":[{"href":"https:\/\/extremidades.art\/x\/ciclodebates2024\/wp-json\/wp\/v2\/posts\/140","targetHints":{"allow":["GET"]}}],"collection":[{"href":"https:\/\/extremidades.art\/x\/ciclodebates2024\/wp-json\/wp\/v2\/posts"}],"about":[{"href":"https:\/\/extremidades.art\/x\/ciclodebates2024\/wp-json\/wp\/v2\/types\/post"}],"author":[{"embeddable":true,"href":"https:\/\/extremidades.art\/x\/ciclodebates2024\/wp-json\/wp\/v2\/users\/1"}],"replies":[{"embeddable":true,"href":"https:\/\/extremidades.art\/x\/ciclodebates2024\/wp-json\/wp\/v2\/comments?post=140"}],"version-history":[{"count":5,"href":"https:\/\/extremidades.art\/x\/ciclodebates2024\/wp-json\/wp\/v2\/posts\/140\/revisions"}],"predecessor-version":[{"id":333,"href":"https:\/\/extremidades.art\/x\/ciclodebates2024\/wp-json\/wp\/v2\/posts\/140\/revisions\/333"}],"wp:attachment":[{"href":"https:\/\/extremidades.art\/x\/ciclodebates2024\/wp-json\/wp\/v2\/media?parent=140"}],"wp:term":[{"taxonomy":"category","embeddable":true,"href":"https:\/\/extremidades.art\/x\/ciclodebates2024\/wp-json\/wp\/v2\/categories?post=140"},{"taxonomy":"post_tag","embeddable":true,"href":"https:\/\/extremidades.art\/x\/ciclodebates2024\/wp-json\/wp\/v2\/tags?post=140"}],"curies":[{"name":"wp","href":"https:\/\/api.w.org\/{rel}","templated":true}]}}