{"id":14,"date":"2024-07-24T11:20:44","date_gmt":"2024-07-24T14:20:44","guid":{"rendered":"https:\/\/extremidades.art\/x\/ciclodebates2024\/?p=14"},"modified":"2024-08-14T13:21:56","modified_gmt":"2024-08-14T16:21:56","slug":"apresentacao","status":"publish","type":"post","link":"https:\/\/extremidades.art\/x\/ciclodebates2024\/2024\/07\/24\/apresentacao\/","title":{"rendered":"EXTREMIDADES, LINGUAGENS, MUNDOS"},"content":{"rendered":"\n<p>Celebrando os vinte anos da <strong>abordagem das extremidades<\/strong> (proposta por Christine Mello, 2004-2024) e fruto dos nossos \u00faltimos semin\u00e1rios, reuni\u00f5es e encontros entre 2022 e 2024, os quais geraram muitas ideias e propostas, o <strong>Grupo de Pesquisa Extremidades: redes audiovisuais, cinema, performance e arte contempor\u00e2nea<\/strong> (PUC-SP\/PPGCOS), formado por te\u00f3ricos, cr\u00edticos, curadores e artistas, definiu o formato de trabalho deste segundo semestre de 2024 e, assim, convidamos voc\u00eas para participarem do <strong>CICLO DE DEBATES: EXTREMIDADES, LINGUAGENS, MUNDOS<\/strong>.<\/p>\n\n\n\n<p>Esta atividade \u00e9 parte integrante de uma investiga\u00e7\u00e3o maior, desenvolvida a partir da <strong>Bolsa PAPD<\/strong> (2022-2024) concedida pela <strong>FAPERJ<\/strong> (Funda\u00e7\u00e3o Carlos Chagas Filho de Amparo \u00e0 Pesquisa do Estado do Rio de Janeiro) \u00e0 Christine Mello, sob a forma de interc\u00e2mbio interinstitucional entre a Pontif\u00edcia Universidade Cat\u00f3lica de S\u00e3o Paulo\/<strong>PUC-SP<\/strong>, em seu Programa de P\u00f3s-Gradua\u00e7\u00e3o em Comunica\u00e7\u00e3o e Semi\u00f3tica\/<strong>PPGCOS<\/strong> (Linha de Pesquisa Regimes de sentido nos processos comunicacionais) e a Universidade do Estado do Rio de Janeiro\/<strong>UERJ<\/strong>, em seu Programa de P\u00f3s-Gradua\u00e7\u00e3o em Artes\/<strong>PPGARTES<\/strong> (Linha de Pesquisa Arte, imagem e escrita), sob a forma de P\u00f3s-Doutorado, com supervis\u00e3o de Sheila Cabo Geraldo.<\/p>\n\n\n\n<p>Com este Ciclo de Debates, nos propomos a realizar reflex\u00f5es e debates acerca da arte, m\u00eddia e pol\u00edtica no s\u00e9culo XXI, em seus regimes do sens\u00edvel. Para isso, ser\u00e3o realizados 04 debates em plataforma digital on-line, compostos por diferentes convidados que buscam fazer frente \u00e0s formas vigentes da experimenta\u00e7\u00e3o art\u00edstica e midi\u00e1tica tendo como problematiza\u00e7\u00f5es a viol\u00eancia colonial, a discrimina\u00e7\u00e3o racial, de g\u00eanero e sexo assim como os limites estruturais tecnol\u00f3gicos e os impactos do Antropoceno, que se op\u00f5em \u00e0 diversidade no sistema-mundo contempor\u00e2neo.&nbsp;<\/p>\n\n\n\n<p>Os debates acontecem uma vez ao m\u00eas, sempre \u00e0s sextas-feiras (<strong>23\/08<\/strong>, <strong>13\/09<\/strong>, <strong>11\/10<\/strong> e <strong>22\/11<\/strong>), das 15:45 \u00e0s 18h, via Plataforma Zoom. Em nossa&nbsp; plataforma de pesquisa on-line, voc\u00eas encontram a programa\u00e7\u00e3o completa por meio deste link <a href=\"https:\/\/extremidades.art\/x\/ciclodebates2024\/\">https:\/\/extremidades.art\/x\/ciclodebates2024\/<\/a>.<\/p>\n\n\n\n<p>O projeto tem a concep\u00e7\u00e3o e coordena\u00e7\u00e3o geral de Christine Mello (PUC-SP\/UERJ), l\u00edder do grupo, e tem como produtora executiva Ana Oliveira Rovati (UNICAMP). O evento \u00e9 aberto, as inscri\u00e7\u00f5es s\u00e3o gratuitas e d\u00e3o direito a certificados. Para cada um dos encontros do Ciclo de Debates, uma nova inscri\u00e7\u00e3o dever\u00e1 ser realizada.<\/p>\n\n\n\n<p>Junto ao Ciclo de debates: extremidades, linguagens, mundos pretendemos lan\u00e7ar, no final deste ano, mais um livro da Cole\u00e7\u00e3o Extremidades, no caso, <strong>Extremidades: experimentos cr\u00edticos 3: redes audiovisuais, cinema, performance e arte contempor\u00e2nea<\/strong>. Com organiza\u00e7\u00e3o de Alessandra Bochio e Christine Mello, a obra est\u00e1 no prelo e \u00e9 formada por artigos de um conjunto expressivo de autores que integram as pesquisas do grupo.<\/p>\n\n\n\n<p>Buscamos completar, desse modo, mais um ciclo de atividades em torno de uma constru\u00e7\u00e3o processual de pesquisa, que se d\u00e1 sob a forma de um experimento comum, de car\u00e1ter coletivo, com o objetivo de n\u00e3o apenas trazermos diversidade de percep\u00e7\u00f5es e temas emergentes, mas tamb\u00e9m confrontarmos nossas pesquisas entre as extremidades das linguagens e o extremo dos mundos.&nbsp;&nbsp;&nbsp;<\/p>\n\n\n\n<p>Se em nossa produ\u00e7\u00e3o investigativa (<a href=\"http:\/\/www.extremidades.art\">www.extremidades.art<\/a>) as an\u00e1lises se constituem a partir da no\u00e7\u00e3o de extremidades, \u00e9 importante observar vetores recentes de mudan\u00e7as epistemol\u00f3gicas que se deram com o grupo a partir de contribui\u00e7\u00f5es singulares de pesquisadores que vem atuando de forma continuada conosco como Gilbertto Prado, Claudio Bueno, Jo\u00e3o Sim\u00f5es, Alessandra Bochio, Larissa Mac\u00eado e Felipe Merker; Cesar Baio, Fernanda Oliveira, Claudio Filho e Ana Rovati (do grupo <strong>ACTlab<\/strong>\/UNICAMP) e, em especial, Suely Rolnik, Soraya Ferreira, Priscila Arantes, Edilamar Galv\u00e3o, Sheila Cabo Geraldo e Luiz Claudio da Costa, assim como as trocas e di\u00e1logos que tivemos em nossas \u00faltimas reuni\u00f5es do <a href=\"https:\/\/www.extremidades.art\/grupo\/conselho-editorial\/\" data-type=\"URL\" data-id=\"https:\/\/www.extremidades.art\/grupo\/conselho-editorial\/\">Conselho Cient\u00edfico da Cole\u00e7\u00e3o eXtremidades<\/a>.&nbsp;<\/p>\n\n\n\n<p>A partir de tal interlocu\u00e7\u00e3o, posicionamos como principal desafio pensarmos as extremidades como uma situa\u00e7\u00e3o pr\u00f3pria da vida. Possibilidade esta que diz respeito a vivermos no inst\u00e1vel, no inconstante, nas crises e polariza\u00e7\u00f5es, na plataformiza\u00e7\u00e3o do capitalismo, nos sistemas algor\u00edtmicos, nos agenciamentos humanos e n\u00e3o-humanos, nos neofascismos, nos deslocamentos e tensionamentos extremos em que a experi\u00eancia vital se movimenta na atualidade, que exigem quebras de paradigmas e ressignifica\u00e7\u00f5es.<\/p>\n\n\n\n<p>Obrigada pela parceria e por estarem conosco nesta jornada. Caso possuam contribui\u00e7\u00f5es e\/ou sugest\u00f5es para as pr\u00f3ximas reflex\u00f5es\/atividades de 2025, estamos aqui (<a href=\"mailto:extremidades.art@gmail.com\">extremidades.art@gmail.com<\/a>) para ouvi-los ou mesmo conversarmos sobre pr\u00f3ximas atividades e encontros.<\/p>\n\n\n\n<p>Com o abra\u00e7o do grupo e seus integrantes,&nbsp;<\/p>\n\n\n\n<p>aqui representados pelo <strong><a href=\"https:\/\/www.extremidades.art\/colecao-extremidades\/conselho-editorial\/\">Conselho Editorial da Cole\u00e7\u00e3o Extremidades<\/a><\/strong>:<\/p>\n\n\n\n<p>Christine Mello (Coordena\u00e7\u00e3o), Fernanda Oliveira (Editora-chefe), Claudio Filho (Produ\u00e7\u00e3o Editorial), Ana Rovati (Gest\u00e3o Cultural) e Cristiane B. Futagawa [Sushi] (Prepara\u00e7\u00e3o\/Revis\u00e3o de textos).&nbsp;<\/p>\n\n\n\n<p>S\u00e3o Paulo, agosto de 2024<\/p>\n\n\n\n<p><a href=\"http:\/\/www.extremidades.art\">www.extremidades.art<\/a><\/p>\n\n\n\n<hr class=\"wp-block-separator\"\/>\n\n\n\n<p><\/p>\n\n\n\n<p>O evento \u00e9 aberto, as inscri\u00e7\u00f5es s\u00e3o gratuitas e d\u00e3o direito a certificados.<\/p>\n\n\n\n<p><strong>Para cada um dos encontros do Ciclo de Debates, uma nova inscri\u00e7\u00e3o dever\u00e1 ser realizada.<\/strong><\/p>\n\n\n\n<p>Os debates acontecer\u00e3o no segundo semestre de 2024, uma vez ao m\u00eas, sempre \u00e0s sextas-feiras, das 15:45 \u00e0s 18h, via Plataforma Zoom.<\/p>\n\n\n\n<p><\/p>\n\n\n\n<p><strong>Ficha t\u00e9cnica: <\/strong><\/p>\n\n\n\n<p>Realiza\u00e7\u00e3o: Grupo de Pesquisa Extremidades: redes audiovisuais, cinema, performance e arte contempor\u00e2nea (PUC-SP\/PPGC\u00d3S)\u00a0<br>Concep\u00e7\u00e3o e Coordena\u00e7\u00e3o Geral: Christine Mello<br>Produ\u00e7\u00e3o executiva: Ana Oliveira Rovati<br>Dire\u00e7\u00e3o de arte: Cl\u00e1udio Melo Filho<br>Produ\u00e7\u00e3o do site: Fernanda Oliveira<\/p>\n\n\n\n<div style=\"height:30px\" aria-hidden=\"true\" class=\"wp-block-spacer\"><\/div>\n\n\n\n<div style=\"height:100px\" aria-hidden=\"true\" class=\"wp-block-spacer\"><\/div>\n\n\n\n<div style=\"height:100px\" aria-hidden=\"true\" class=\"wp-block-spacer\"><\/div>\n\n\n\n<div style=\"height:100px\" aria-hidden=\"true\" class=\"wp-block-spacer\"><\/div>\n","protected":false},"excerpt":{"rendered":"<p>Celebrando os vinte anos da abordagem das extremidades (proposta por Christine Mello, 2004-2024) e fruto dos nossos \u00faltimos semin\u00e1rios, reuni\u00f5es e encontros entre 2022 e 2024, os quais geraram muitas ideias e propostas, o Grupo de Pesquisa Extremidades: redes audiovisuais, cinema, performance e arte contempor\u00e2nea (PUC-SP\/PPGCOS), formado por te\u00f3ricos, cr\u00edticos, curadores e artistas, definiu o [&hellip;]<\/p>\n","protected":false},"author":1,"featured_media":0,"comment_status":"closed","ping_status":"closed","sticky":false,"template":"","format":"standard","meta":{"footnotes":""},"categories":[2],"tags":[],"class_list":["post-14","post","type-post","status-publish","hentry","category-apresentacao"],"_links":{"self":[{"href":"https:\/\/extremidades.art\/x\/ciclodebates2024\/wp-json\/wp\/v2\/posts\/14","targetHints":{"allow":["GET"]}}],"collection":[{"href":"https:\/\/extremidades.art\/x\/ciclodebates2024\/wp-json\/wp\/v2\/posts"}],"about":[{"href":"https:\/\/extremidades.art\/x\/ciclodebates2024\/wp-json\/wp\/v2\/types\/post"}],"author":[{"embeddable":true,"href":"https:\/\/extremidades.art\/x\/ciclodebates2024\/wp-json\/wp\/v2\/users\/1"}],"replies":[{"embeddable":true,"href":"https:\/\/extremidades.art\/x\/ciclodebates2024\/wp-json\/wp\/v2\/comments?post=14"}],"version-history":[{"count":47,"href":"https:\/\/extremidades.art\/x\/ciclodebates2024\/wp-json\/wp\/v2\/posts\/14\/revisions"}],"predecessor-version":[{"id":323,"href":"https:\/\/extremidades.art\/x\/ciclodebates2024\/wp-json\/wp\/v2\/posts\/14\/revisions\/323"}],"wp:attachment":[{"href":"https:\/\/extremidades.art\/x\/ciclodebates2024\/wp-json\/wp\/v2\/media?parent=14"}],"wp:term":[{"taxonomy":"category","embeddable":true,"href":"https:\/\/extremidades.art\/x\/ciclodebates2024\/wp-json\/wp\/v2\/categories?post=14"},{"taxonomy":"post_tag","embeddable":true,"href":"https:\/\/extremidades.art\/x\/ciclodebates2024\/wp-json\/wp\/v2\/tags?post=14"}],"curies":[{"name":"wp","href":"https:\/\/api.w.org\/{rel}","templated":true}]}}